{"id":1086630,"date":"2025-09-29T13:15:37","date_gmt":"2025-09-29T11:15:37","guid":{"rendered":"https:\/\/zsp5.zory.pl\/?p=1086630"},"modified":"2025-09-29T13:17:31","modified_gmt":"2025-09-29T11:17:31","slug":"male-dni-baranowic-3","status":"publish","type":"post","link":"https:\/\/zsp5.zory.pl\/?p=1086630","title":{"rendered":",,Ma\u0142e Dni Baranowic&#8221;"},"content":{"rendered":"<p><span style=\"color: #000000;\">24.09.2025 r. w naszym przedszkolu odby\u0142 si\u0119 dzie\u0144 integracji pt. ,,Ma\u0142e Dni Baranowic&#8221;. Podczas zaj\u0119\u0107 przedszkolaki obejrza\u0142y prezentacj\u0119 multimedialn\u0105 dotycz\u0105 naszej dzielnicy. M\u0142odsze przedszkolaki kolorowa\u0142y obrazek przedstawiaj\u0105cy bocianie gniazdo, za\u015b starsze &#8211; samodzielnie wykonywa\u0142y tematyczne prace plastyczne.<\/span><\/p>\n","protected":false},"excerpt":{"rendered":"<p>24.09.2025 r. w naszym przedszkolu odby\u0142 si\u0119 dzie\u0144 integracji pt. ,,Ma\u0142e Dni Baranowic&#8221;. Podczas zaj\u0119\u0107 przedszkolaki obejrza\u0142y prezentacj\u0119 multimedialn\u0105 dotycz\u0105 naszej dzielnicy. M\u0142odsze przedszkolaki kolorowa\u0142y obrazek przedstawiaj\u0105cy bocianie gniazdo, za\u015b starsze &#8211; samodzielnie wykonywa\u0142y tematyczne prace plastyczne.<\/p>\n","protected":false},"author":11,"featured_media":0,"comment_status":"closed","ping_status":"open","sticky":false,"template":"","format":"standard","meta":{"_et_pb_use_builder":"","_et_pb_old_content":"","_et_gb_content_width":"","footnotes":""},"categories":[4],"tags":[],"class_list":["post-1086630","post","type-post","status-publish","format-standard","hentry","category-grupy_aktualnosci"],"_links":{"self":[{"href":"https:\/\/zsp5.zory.pl\/index.php?rest_route=\/wp\/v2\/posts\/1086630","targetHints":{"allow":["GET"]}}],"collection":[{"href":"https:\/\/zsp5.zory.pl\/index.php?rest_route=\/wp\/v2\/posts"}],"about":[{"href":"https:\/\/zsp5.zory.pl\/index.php?rest_route=\/wp\/v2\/types\/post"}],"author":[{"embeddable":true,"href":"https:\/\/zsp5.zory.pl\/index.php?rest_route=\/wp\/v2\/users\/11"}],"replies":[{"embeddable":true,"href":"https:\/\/zsp5.zory.pl\/index.php?rest_route=%2Fwp%2Fv2%2Fcomments&post=1086630"}],"version-history":[{"count":1,"href":"https:\/\/zsp5.zory.pl\/index.php?rest_route=\/wp\/v2\/posts\/1086630\/revisions"}],"predecessor-version":[{"id":1086631,"href":"https:\/\/zsp5.zory.pl\/index.php?rest_route=\/wp\/v2\/posts\/1086630\/revisions\/1086631"}],"wp:attachment":[{"href":"https:\/\/zsp5.zory.pl\/index.php?rest_route=%2Fwp%2Fv2%2Fmedia&parent=1086630"}],"wp:term":[{"taxonomy":"category","embeddable":true,"href":"https:\/\/zsp5.zory.pl\/index.php?rest_route=%2Fwp%2Fv2%2Fcategories&post=1086630"},{"taxonomy":"post_tag","embeddable":true,"href":"https:\/\/zsp5.zory.pl\/index.php?rest_route=%2Fwp%2Fv2%2Ftags&post=1086630"}],"curies":[{"name":"wp","href":"https:\/\/api.w.org\/{rel}","templated":true}]}}