{"id":1086603,"date":"2025-09-16T10:15:11","date_gmt":"2025-09-16T08:15:11","guid":{"rendered":"https:\/\/zsp5.zory.pl\/?p=1086603"},"modified":"2025-09-22T10:17:21","modified_gmt":"2025-09-22T08:17:21","slug":"miedzynarodowy-dzien-kropki-3","status":"publish","type":"post","link":"https:\/\/zsp5.zory.pl\/?p=1086603","title":{"rendered":"Mi\u0119dzynarodowy Dzie\u0144 Kropki"},"content":{"rendered":"<p>1<span style=\"color: #000000;\">5.09.2025 r. nasze przedszkole obchodzi\u0142o Mi\u0119dzynarodowy Dzie\u0144 Kropki \u2013 wyj\u0105tkowe \u015bwi\u0119to kreatywno\u015bci, odwagi i zabawy! Tego dnia w salach kr\u00f3lowa\u0142y kolorowe kropki \u2013 na ubraniach dzieci, w dekoracjach i pracach plastycznych. Dzie\u0144 Kropki to nie tylko \u015bwietna zabawa, ale przede wszystkim okazja do rozmowy o wierze w siebie, odkrywaniu talent\u00f3w i rozwijaniu wyobra\u017ani.<\/span><\/p>\n","protected":false},"excerpt":{"rendered":"<p>15.09.2025 r. nasze przedszkole obchodzi\u0142o Mi\u0119dzynarodowy Dzie\u0144 Kropki \u2013 wyj\u0105tkowe \u015bwi\u0119to kreatywno\u015bci, odwagi i zabawy! Tego dnia w salach kr\u00f3lowa\u0142y kolorowe kropki \u2013 na ubraniach dzieci, w dekoracjach i pracach plastycznych. Dzie\u0144 Kropki to nie tylko \u015bwietna zabawa, ale przede wszystkim okazja do rozmowy o wierze w siebie, odkrywaniu talent\u00f3w i rozwijaniu wyobra\u017ani.<\/p>\n","protected":false},"author":11,"featured_media":0,"comment_status":"closed","ping_status":"open","sticky":false,"template":"","format":"standard","meta":{"_et_pb_use_builder":"","_et_pb_old_content":"","_et_gb_content_width":"","footnotes":""},"categories":[4],"tags":[],"class_list":["post-1086603","post","type-post","status-publish","format-standard","hentry","category-grupy_aktualnosci"],"_links":{"self":[{"href":"https:\/\/zsp5.zory.pl\/index.php?rest_route=\/wp\/v2\/posts\/1086603","targetHints":{"allow":["GET"]}}],"collection":[{"href":"https:\/\/zsp5.zory.pl\/index.php?rest_route=\/wp\/v2\/posts"}],"about":[{"href":"https:\/\/zsp5.zory.pl\/index.php?rest_route=\/wp\/v2\/types\/post"}],"author":[{"embeddable":true,"href":"https:\/\/zsp5.zory.pl\/index.php?rest_route=\/wp\/v2\/users\/11"}],"replies":[{"embeddable":true,"href":"https:\/\/zsp5.zory.pl\/index.php?rest_route=%2Fwp%2Fv2%2Fcomments&post=1086603"}],"version-history":[{"count":1,"href":"https:\/\/zsp5.zory.pl\/index.php?rest_route=\/wp\/v2\/posts\/1086603\/revisions"}],"predecessor-version":[{"id":1086604,"href":"https:\/\/zsp5.zory.pl\/index.php?rest_route=\/wp\/v2\/posts\/1086603\/revisions\/1086604"}],"wp:attachment":[{"href":"https:\/\/zsp5.zory.pl\/index.php?rest_route=%2Fwp%2Fv2%2Fmedia&parent=1086603"}],"wp:term":[{"taxonomy":"category","embeddable":true,"href":"https:\/\/zsp5.zory.pl\/index.php?rest_route=%2Fwp%2Fv2%2Fcategories&post=1086603"},{"taxonomy":"post_tag","embeddable":true,"href":"https:\/\/zsp5.zory.pl\/index.php?rest_route=%2Fwp%2Fv2%2Ftags&post=1086603"}],"curies":[{"name":"wp","href":"https:\/\/api.w.org\/{rel}","templated":true}]}}