{"id":1086599,"date":"2025-09-19T18:13:25","date_gmt":"2025-09-19T16:13:25","guid":{"rendered":"https:\/\/zsp5.zory.pl\/?p=1086599"},"modified":"2025-09-29T13:16:53","modified_gmt":"2025-09-29T11:16:53","slug":"miedzynarodowego-dnia-przedszkolaka","status":"publish","type":"post","link":"https:\/\/zsp5.zory.pl\/?p=1086599","title":{"rendered":"Mi\u0119dzynarodowy Dzie\u0144 Przedszkolaka"},"content":{"rendered":"<p><span style=\"color: #000000;\">19.09.2025 r. w naszym przedszkolu odby\u0142y si\u0119 radosne obchody Mi\u0119dzynarodowego Dnia Przedszkolaka. By\u0142 to wyj\u0105tkowy dzie\u0144, pe\u0142en u\u015bmiechu, zabawy i niespodzianek przygotowanych specjalnie dla naszych najm\u0142odszych. Mi\u0119dzynarodowy Dzie\u0144 Przedszkolaka by\u0142 doskona\u0142\u0105 okazj\u0105 do wsp\u00f3lnej zabawy, budowania pozytywnych relacji oraz przypomnienia dzieciom, jak wa\u017cne i wyj\u0105tkowe s\u0105 w swojej codziennej przedszkolnej przygodzie. To by\u0142 naprawd\u0119 niezapomniany dzie\u0144!<\/span><\/p>\n","protected":false},"excerpt":{"rendered":"<p>19.09.2025 r. w naszym przedszkolu odby\u0142y si\u0119 radosne obchody Mi\u0119dzynarodowego Dnia Przedszkolaka. By\u0142 to wyj\u0105tkowy dzie\u0144, pe\u0142en u\u015bmiechu, zabawy i niespodzianek przygotowanych specjalnie dla naszych najm\u0142odszych. Mi\u0119dzynarodowy Dzie\u0144 Przedszkolaka by\u0142 doskona\u0142\u0105 okazj\u0105 do wsp\u00f3lnej zabawy, budowania pozytywnych relacji oraz przypomnienia dzieciom, jak wa\u017cne i wyj\u0105tkowe s\u0105 w swojej codziennej przedszkolnej przygodzie. To by\u0142 naprawd\u0119 niezapomniany [&hellip;]<\/p>\n","protected":false},"author":11,"featured_media":0,"comment_status":"closed","ping_status":"open","sticky":false,"template":"","format":"standard","meta":{"_et_pb_use_builder":"","_et_pb_old_content":"","_et_gb_content_width":"","footnotes":""},"categories":[4],"tags":[],"class_list":["post-1086599","post","type-post","status-publish","format-standard","hentry","category-grupy_aktualnosci"],"_links":{"self":[{"href":"https:\/\/zsp5.zory.pl\/index.php?rest_route=\/wp\/v2\/posts\/1086599","targetHints":{"allow":["GET"]}}],"collection":[{"href":"https:\/\/zsp5.zory.pl\/index.php?rest_route=\/wp\/v2\/posts"}],"about":[{"href":"https:\/\/zsp5.zory.pl\/index.php?rest_route=\/wp\/v2\/types\/post"}],"author":[{"embeddable":true,"href":"https:\/\/zsp5.zory.pl\/index.php?rest_route=\/wp\/v2\/users\/11"}],"replies":[{"embeddable":true,"href":"https:\/\/zsp5.zory.pl\/index.php?rest_route=%2Fwp%2Fv2%2Fcomments&post=1086599"}],"version-history":[{"count":2,"href":"https:\/\/zsp5.zory.pl\/index.php?rest_route=\/wp\/v2\/posts\/1086599\/revisions"}],"predecessor-version":[{"id":1086632,"href":"https:\/\/zsp5.zory.pl\/index.php?rest_route=\/wp\/v2\/posts\/1086599\/revisions\/1086632"}],"wp:attachment":[{"href":"https:\/\/zsp5.zory.pl\/index.php?rest_route=%2Fwp%2Fv2%2Fmedia&parent=1086599"}],"wp:term":[{"taxonomy":"category","embeddable":true,"href":"https:\/\/zsp5.zory.pl\/index.php?rest_route=%2Fwp%2Fv2%2Fcategories&post=1086599"},{"taxonomy":"post_tag","embeddable":true,"href":"https:\/\/zsp5.zory.pl\/index.php?rest_route=%2Fwp%2Fv2%2Ftags&post=1086599"}],"curies":[{"name":"wp","href":"https:\/\/api.w.org\/{rel}","templated":true}]}}