{"id":1086591,"date":"2025-09-15T21:17:30","date_gmt":"2025-09-15T19:17:30","guid":{"rendered":"https:\/\/zsp5.zory.pl\/?p=1086591"},"modified":"2025-09-15T21:17:30","modified_gmt":"2025-09-15T19:17:30","slug":"witamy-w-nowym-roku-szkolnym-2025-2026-%f0%9f%8e%89","status":"publish","type":"post","link":"https:\/\/zsp5.zory.pl\/?p=1086591","title":{"rendered":"Witamy w nowym roku szkolnym 2025\/2026! \ud83c\udf89"},"content":{"rendered":"<p data-start=\"127\" data-end=\"436\">Drodzy Uczniowie!<br data-start=\"144\" data-end=\"147\" \/>Rozpoczynamy kolejny rok pe\u0142en nowych wyzwa\u0144, do\u015bwiadcze\u0144 i mo\u017cliwo\u015bci. \u017byczymy Wam du\u017co <strong data-start=\"236\" data-end=\"271\">zapa\u0142u, motywacji i wytrwa\u0142o\u015bci<\/strong> w zdobywaniu wiedzy oraz rozwijaniu swoich pasji. Niech ten rok szkolny b\u0119dzie dla Was czasem inspiruj\u0105cych dzia\u0142a\u0144, kreatywnych pomys\u0142\u00f3w i wspania\u0142ych wspomnie\u0144!<\/p>\n<p data-start=\"127\" data-end=\"436\">Z rado\u015bci\u0105 informujemy, \u017ce <strong data-start=\"663\" data-end=\"731\">przewodnicz\u0105cym Samorz\u0105du Uczniowskiego zosta\u0142 Xavier Komosi\u0144ski<\/strong>, a <strong data-start=\"735\" data-end=\"768\">jego zast\u0119pc\u0105 \u2013 Alan Tokarski<\/strong>. Gratulujemy i liczymy na owocn\u0105 wsp\u00f3\u0142prac\u0119!\u00a0Zapraszamy Was r\u00f3wnie\u017c do \u015bledzenia dzia\u0142alno\u015bci Samorz\u0105du Uczniowskiego oraz do obejrzenia <strong data-start=\"549\" data-end=\"559\">debaty.<\/strong><\/p>\n<div style=\"width: 1080px;\" class=\"wp-video\"><video class=\"wp-video-shortcode\" id=\"video-1086591-1\" width=\"1080\" height=\"1080\" preload=\"metadata\" controls=\"controls\"><source type=\"video\/mp4\" src=\"http:\/\/zsp5.zory.pl\/wp-content\/uploads\/2025\/09\/Debata.mp4?_=1\" \/><a href=\"http:\/\/zsp5.zory.pl\/wp-content\/uploads\/2025\/09\/Debata.mp4\">http:\/\/zsp5.zory.pl\/wp-content\/uploads\/2025\/09\/Debata.mp4<\/a><\/video><\/div>\n<p>Filmik: Debata kandydat\u00f3w na stanowisko Przewodnicz\u0105cego Samorz\u0105du Uczniowskiego 2025\/2026\u201d-\u00a0 prezentacje kandydat\u00f3w oraz ich wizje dzia\u0142alno\u015bci SU.<\/p>\n","protected":false},"excerpt":{"rendered":"<p>Drodzy Uczniowie!Rozpoczynamy kolejny rok pe\u0142en nowych wyzwa\u0144, do\u015bwiadcze\u0144 i mo\u017cliwo\u015bci. \u017byczymy Wam du\u017co zapa\u0142u, motywacji i wytrwa\u0142o\u015bci w zdobywaniu wiedzy oraz rozwijaniu swoich pasji. Niech ten rok szkolny b\u0119dzie dla Was czasem inspiruj\u0105cych dzia\u0142a\u0144, kreatywnych pomys\u0142\u00f3w i wspania\u0142ych wspomnie\u0144! Z rado\u015bci\u0105 informujemy, \u017ce przewodnicz\u0105cym Samorz\u0105du Uczniowskiego zosta\u0142 Xavier Komosi\u0144ski, a jego zast\u0119pc\u0105 \u2013 Alan Tokarski. [&hellip;]<\/p>\n","protected":false},"author":13,"featured_media":0,"comment_status":"closed","ping_status":"open","sticky":false,"template":"","format":"standard","meta":{"_et_pb_use_builder":"","_et_pb_old_content":"","_et_gb_content_width":"","footnotes":""},"categories":[186],"tags":[],"class_list":["post-1086591","post","type-post","status-publish","format-standard","hentry","category-samorzad-uczniowski"],"_links":{"self":[{"href":"https:\/\/zsp5.zory.pl\/index.php?rest_route=\/wp\/v2\/posts\/1086591","targetHints":{"allow":["GET"]}}],"collection":[{"href":"https:\/\/zsp5.zory.pl\/index.php?rest_route=\/wp\/v2\/posts"}],"about":[{"href":"https:\/\/zsp5.zory.pl\/index.php?rest_route=\/wp\/v2\/types\/post"}],"author":[{"embeddable":true,"href":"https:\/\/zsp5.zory.pl\/index.php?rest_route=\/wp\/v2\/users\/13"}],"replies":[{"embeddable":true,"href":"https:\/\/zsp5.zory.pl\/index.php?rest_route=%2Fwp%2Fv2%2Fcomments&post=1086591"}],"version-history":[{"count":1,"href":"https:\/\/zsp5.zory.pl\/index.php?rest_route=\/wp\/v2\/posts\/1086591\/revisions"}],"predecessor-version":[{"id":1086593,"href":"https:\/\/zsp5.zory.pl\/index.php?rest_route=\/wp\/v2\/posts\/1086591\/revisions\/1086593"}],"wp:attachment":[{"href":"https:\/\/zsp5.zory.pl\/index.php?rest_route=%2Fwp%2Fv2%2Fmedia&parent=1086591"}],"wp:term":[{"taxonomy":"category","embeddable":true,"href":"https:\/\/zsp5.zory.pl\/index.php?rest_route=%2Fwp%2Fv2%2Fcategories&post=1086591"},{"taxonomy":"post_tag","embeddable":true,"href":"https:\/\/zsp5.zory.pl\/index.php?rest_route=%2Fwp%2Fv2%2Ftags&post=1086591"}],"curies":[{"name":"wp","href":"https:\/\/api.w.org\/{rel}","templated":true}]}}