{"id":1086550,"date":"2025-08-06T15:58:06","date_gmt":"2025-08-06T13:58:06","guid":{"rendered":"https:\/\/zsp5.zory.pl\/?p=1086550"},"modified":"2025-08-06T15:58:33","modified_gmt":"2025-08-06T13:58:33","slug":"edutalk-podcast-rozmowy-o-edukacji-i-nie-tylko","status":"publish","type":"post","link":"https:\/\/zsp5.zory.pl\/?p=1086550","title":{"rendered":"EDUTALK PODCAST \u2013 rozmowy o edukacji (i nie tylko)!"},"content":{"rendered":"<p><span style=\"color: #000000;\">Z przyjemno\u015bci\u0105 informujemy o nowym projekcie \u015al\u0105skiej Kurator O\u015bwiaty \u2013 \u201eEDUTALK PODCAST \u2013 rozmowy o edukacji (i nie tylko)!\u201d. To cykl inspiruj\u0105cych rozm\u00f3w, w kt\u00f3rych poruszane s\u0105 aktualne tematy zwi\u0105zane z o\u015bwiat\u0105, wychowaniem, rozwojem uczni\u00f3w i nauczycieli, a tak\u017ce wyzwania, przed kt\u00f3rymi stoi wsp\u00f3\u0142czesna szko\u0142a.<\/span><br \/>\n<span style=\"color: #000000;\">Go\u015b\u0107mi s\u0105 eksperci, osoby zaanga\u017cowane w rozw\u00f3j edukacji w naszym regionie. Ich do\u015bwiadczenia, refleksje i pomys\u0142y mog\u0105 sta\u0107 si\u0119 cennym \u017ar\u00f3d\u0142em wiedzy i inspiracji dla ca\u0142ej spo\u0142eczno\u015bci szkolnej.<\/span><br \/>\n<span style=\"color: #000000;\">Zach\u0119camy dyrektor\u00f3w szk\u00f3\u0142 do umieszczenia informacji o podca\u015bcie na stronach internetowych szk\u00f3\u0142 wraz z aktywnym linkiem do pierwszego odcinka. To doskona\u0142a okazja, by pokaza\u0107 uczniom, rodzicom i nauczycielom, \u017ce edukacja to nie tylko nauczanie, ale r\u00f3wnie\u017c otwarto\u015b\u0107 na dialog i nowe idee.<\/span><br \/>\n<strong><a href=\"https:\/\/www.youtube.com\/watch?v=BCBsXCxxOYc\" target=\"_blank\" rel=\"noopener\" data-saferedirecturl=\"https:\/\/www.google.com\/url?q=https:\/\/www.youtube.com\/watch?v%3DBCBsXCxxOYc&amp;source=gmail&amp;ust=1754574757718000&amp;usg=AOvVaw0XdA7AkLqGDLTkQPrkrp0M\">https:\/\/www.youtube.com\/watch?<wbr \/>v=BCBsXCxxOYc<\/a><\/strong><\/p>\n<p><span style=\"color: #000000;\">Do\u0142\u0105czcie do nas i b\u0105d\u017acie cz\u0119\u015bci\u0105 edukacyjnej rozmowy!<\/span><\/p>\n<p><span style=\"color: #000000;\">\u017ar\u00f3d\u0142o:<\/span>\u00a0<a href=\"https:\/\/kuratorium.katowice.pl\/index.php\/kuratorium\/aktualnosci\/rusza-nowy-cykl-edutalk-podcast-rozmowy-o-edukacji-i-nie-tylko\/\">https:\/\/kuratorium.katowice.pl\/index.php\/kuratorium\/aktualnosci\/rusza-nowy-cykl-edutalk-podcast-rozmowy-o-edukacji-i-nie-tylko\/<\/a><\/p>\n","protected":false},"excerpt":{"rendered":"<p>Z przyjemno\u015bci\u0105 informujemy o nowym projekcie \u015al\u0105skiej Kurator O\u015bwiaty \u2013 \u201eEDUTALK PODCAST \u2013 rozmowy o edukacji (i nie tylko)!\u201d. To cykl inspiruj\u0105cych rozm\u00f3w, w kt\u00f3rych poruszane s\u0105 aktualne tematy zwi\u0105zane z o\u015bwiat\u0105, wychowaniem, rozwojem uczni\u00f3w i nauczycieli, a tak\u017ce wyzwania, przed kt\u00f3rymi stoi wsp\u00f3\u0142czesna szko\u0142a. Go\u015b\u0107mi s\u0105 eksperci, osoby zaanga\u017cowane w rozw\u00f3j edukacji w naszym [&hellip;]<\/p>\n","protected":false},"author":11,"featured_media":0,"comment_status":"closed","ping_status":"open","sticky":false,"template":"","format":"standard","meta":{"_et_pb_use_builder":"","_et_pb_old_content":"","_et_gb_content_width":"","footnotes":""},"categories":[2,39],"tags":[],"class_list":["post-1086550","post","type-post","status-publish","format-standard","hentry","category-aktualnosci","category-komunikat-specjalny"],"_links":{"self":[{"href":"https:\/\/zsp5.zory.pl\/index.php?rest_route=\/wp\/v2\/posts\/1086550","targetHints":{"allow":["GET"]}}],"collection":[{"href":"https:\/\/zsp5.zory.pl\/index.php?rest_route=\/wp\/v2\/posts"}],"about":[{"href":"https:\/\/zsp5.zory.pl\/index.php?rest_route=\/wp\/v2\/types\/post"}],"author":[{"embeddable":true,"href":"https:\/\/zsp5.zory.pl\/index.php?rest_route=\/wp\/v2\/users\/11"}],"replies":[{"embeddable":true,"href":"https:\/\/zsp5.zory.pl\/index.php?rest_route=%2Fwp%2Fv2%2Fcomments&post=1086550"}],"version-history":[{"count":1,"href":"https:\/\/zsp5.zory.pl\/index.php?rest_route=\/wp\/v2\/posts\/1086550\/revisions"}],"predecessor-version":[{"id":1086551,"href":"https:\/\/zsp5.zory.pl\/index.php?rest_route=\/wp\/v2\/posts\/1086550\/revisions\/1086551"}],"wp:attachment":[{"href":"https:\/\/zsp5.zory.pl\/index.php?rest_route=%2Fwp%2Fv2%2Fmedia&parent=1086550"}],"wp:term":[{"taxonomy":"category","embeddable":true,"href":"https:\/\/zsp5.zory.pl\/index.php?rest_route=%2Fwp%2Fv2%2Fcategories&post=1086550"},{"taxonomy":"post_tag","embeddable":true,"href":"https:\/\/zsp5.zory.pl\/index.php?rest_route=%2Fwp%2Fv2%2Ftags&post=1086550"}],"curies":[{"name":"wp","href":"https:\/\/api.w.org\/{rel}","templated":true}]}}