{"id":1086494,"date":"2025-06-30T17:59:57","date_gmt":"2025-06-30T15:59:57","guid":{"rendered":"https:\/\/zsp5.zory.pl\/?p=1086494"},"modified":"2025-07-01T18:19:42","modified_gmt":"2025-07-01T16:19:42","slug":"sprawozdanie-z-realizacji-dzialan-w-ramach-narodowego-programu-rozwoju-czytelnictwa-2-0-w-przedszkolu-nr-12-w-zorach","status":"publish","type":"post","link":"https:\/\/zsp5.zory.pl\/?p=1086494","title":{"rendered":"Sprawozdanie z realizacji dzia\u0142a\u0144 w ramach Narodowego Programu Rozwoju Czytelnictwa 2.0 w Przedszkolu nr 12 w \u017borach"},"content":{"rendered":"<div id=\"attachment_1085488\" style=\"width: 256px\" class=\"wp-caption alignleft\"><img loading=\"lazy\" decoding=\"async\" aria-describedby=\"caption-attachment-1085488\" class=\" wp-image-1085488\" src=\"http:\/\/zsp5.zory.pl\/wp-content\/uploads\/2024\/09\/nprcz-logotyp-podstawowy-rgb-1024x583.jpg\" alt=\"logo Narodowy Program Rozwoju Czytelnictwa 2.0\" width=\"246\" height=\"140\" \/><p id=\"caption-attachment-1085488\" class=\"wp-caption-text\">logo Narodowy Program Rozwoju Czytelnictwa 2.0<\/p><\/div>\n<p><span style=\"color: #000000;\"><b><i>Sprawozdanie z realizacji dzia\u0142a\u0144 w ramach Narodowego Programu Rozwoju Czytelnictwa 2.0 w Przedszkolu nr 12 w Zespole Szkolno \u2013 Przedszkolnym nr 5 w \u017borach za okres wrzesie\u0144 2024 \u2013 czerwiec 2025 r.\u00a0<\/i><\/b><\/span><\/p>\n<p><span style=\"color: #000000;\">W roku szkolnym 2024\/2025 Przedszkole nr 12 w Zespole Szkolno &#8211; Przedszkolnym nr 5 w \u017borach przyst\u0105pi\u0142o do Narodowego Programu Rozwoju Czytelnictwa 2.0.<\/span><\/p>\n<p><span style=\"color: #000000;\">Narodowy Program Rozwoju Czytelnictwa 2.0 jest programem uchwalonym na lata 2021-2025 przez Rad\u0119 Ministr\u00f3w w celu poprawy stanu czytelnictwa w Polsce poprzez wzmacnianie roli bibliotek publicznych, szkolnych i pedagogicznych jako lokalnych o\u015brodk\u00f3w \u017cycia spo\u0142ecznego, stanowi\u0105cych centrum dost\u0119pu do kultury i wiedzy. Program jest realizowany przez Ministerstwo Kultury i Dziedzictwa Narodowego, przy zaanga\u017cowaniu Biblioteki Narodowej, Instytutu Ksi\u0105\u017cki i Narodowego Centrum Kultury, oraz we wsp\u00f3\u0142pracy z Ministerstwem Edukacji i Nauki jako Operatora Priorytetu 3.\u00a0<\/span><\/p>\n<p><span style=\"color: #000000;\">Kwota przyznanego wsparcia: 3 000,00 PLN.<br \/>\nKwota wk\u0142adu w\u0142asnego: 750,00 PLN.<br \/>\nLiczba zakupionych nowo\u015bci: 150.<br \/>\nDotacja wykorzystana w ca\u0142o\u015bci.<br \/>\n<\/span><\/p>\n<p><span style=\"color: #000000;\">Podj\u0119te dzia\u0142ania odnosi\u0142y si\u0119 do trzech g\u0142\u00f3wnych za\u0142o\u017ce\u0144 programu:<br \/>\n<strong>I. Zakres wsp\u00f3\u0142pracy plac\u00f3wki wychowania przedszkolnego z bibliotek\u0105 publiczn\u0105\/ pedagogiczn\u0105<br \/>\n<\/strong>1. Zasi\u0119gni\u0119cie opinii w sprawie zakupu ksi\u0105\u017cek:<br \/>\nPierwszym etapem realizacji NPRCz by\u0142a diagnoza \u015brodowiska przedszkolnego oraz konsultacje z bibliotek\u0105 szkoln\u0105 w zakresie zainteresowa\u0144 i potrzeb czytelniczych. Ponadto, przy wyborze ksi\u0105\u017cek pomocna by\u0142a analiza recenzji i blog\u00f3w ksi\u0105\u017ckowych: fundacji \u201eCa\u0142a Polska czyta Dzieciom\u201d- ksi\u0105\u017cki ze Z\u0142otej listy, portalu internetowego \u201eCzas dzieci\u201d, \u201eRodzinne czytanie\u201d &#8211; przewodnik po dobrych ksi\u0105\u017ckach. Na podstawie takiej diagnozy stworzona zosta\u0142a lista ksi\u0105\u017cek, kt\u00f3re powinny pojawi\u0107 si\u0119 w naszej bibliotece.<br \/>\n2. Wsp\u00f3\u0142praca z bibliotek\u0105 szkoln\u0105 odbywa\u0142a si\u0119 poprzez:<br \/>\na) planowanie zakup\u00f3w ksi\u0105\u017cek,<br \/>\nb) wymian\u0119 informacji o wydarzeniach promuj\u0105cych czytelnictwo: wymieniono informacje na temat planowanych zakup\u00f3w, zdobyto informacje na temat gromadzonych zbior\u00f3w, aby ich nie dublowa\u0107, wymieniono informacje o wydarzeniach promuj\u0105cych czytelnictwo.\u00a0<\/span><\/p>\n<p><span style=\"color: #000000;\"><strong>Spotkania z rodzicami<\/strong><br \/>\nAkcje promuj\u0105ce czytelnictwo w\u015br\u00f3d dzieci odbywa\u0142y si\u0119 r\u00f3wnie\u017c w\u015br\u00f3d rodzic\u00f3w. Informacje na temat roli czytania w \u017cyciu dzieci systematycznie zosta\u0142y zamieszczane w szatni przedszkolnej na stoliku obok biblioteczki przedszkolaka. Porusza\u0142y tematyk\u0119 dotycz\u0105c\u0105 korzy\u015bci wynikaj\u0105cych z systematycznego czytania ksi\u0105\u017cek dzieciom w wieku przedszkolnym. Temat ten pojawi\u0142 si\u0119 r\u00f3wnie\u017c w czasie zebra\u0144 z rodzicami w grupach przedszkolnych.<br \/>\n<\/span><\/p>\n<p><span style=\"color: #000000;\"><strong>II. Zaj\u0119cia edukacyjne z wykorzystaniem zakupionych ksi\u0105\u017cek:<br \/>\n<\/strong>Ksi\u0105\u017cki do biblioteki zosta\u0142y zakupione zgodnie z zapotrzebowaniem przedszkolak\u00f3w i wyeksponowane na wyznaczonych rega\u0142ach oraz w salach przedszkolnych. Wykorzystanie ksi\u0119gozbioru ksi\u0105\u017cek dla przedszkola zakupionego w ramach Narodowego Programu Rozwoju Czytelnictwa dla Przedszkolu nr 12 w Zespole Szkolno \u2013 Przedszkolnym nr 5 w \u017borach.<br \/>\nZaj\u0119cia edukacyjne z wykorzystaniem zakupionych ksi\u0105\u017cek:<\/span><\/p>\n<ul>\n<li><span style=\"color: #000000;\">zorganizowanie w salach \u201eK\u0105cika ksi\u0105\u017cki\u201d- zach\u0119cenie dzieci do ogl\u0105dania, opowiadania wybranych ksi\u0105\u017cek. Wsp\u00f3lne uk\u0142adanie ksi\u0105\u017cek wed\u0142ug rodzaju. Ustalenie zasad korzystania z ksi\u0105\u017cek w za\u0142o\u017conych \u201ebiblioteczkach\u201d. \u201ePopo\u0142udnie z ksi\u0105\u017ck\u0105\u201d &#8211; ogl\u0105danie, s\u0142uchanie, opowiadanie wybranej przez dzieci literatury;<\/span><\/li>\n<li><span style=\"color: #000000;\">czytanie literatury dzieci\u0119cej autorstwa p. Wies\u0142awa Drabika w ramach spotkania z autorem;<\/span><\/li>\n<li><span style=\"color: #000000;\">przeczytanie wiersza pt. \u201dBarwy ojczyste\u201d Czes\u0142awa Janczarskiego, jako rozpocz\u0119cie konkursu recytatorskiego;<\/span><\/li>\n<li><span style=\"color: #000000;\">przeczytanie wiersza jako rozpocz\u0119cie konkursu plastycznego pt. \u201cNaprawimy misia&#8221; Czes\u0142awa Janczarskiego<\/span><\/li>\n<li><span style=\"color: #000000;\">\u201eMi\u0119dzynarodowy Dzie\u0144 Praw Dziecka\u201d &#8211; czytanie ksi\u0105\u017cki &#8222;Opowie\u015bci o tym, co w \u017cyciu wa\u017cne&#8221;, Opowie\u015bci o prawach dziecka&#8221; Marka Michalaka listopad 2024<\/span><\/li>\n<li><span style=\"color: #000000;\">poobiednie czytanie &#8211; czytanie ksi\u0105\u017cek wybranych przez dzieci przez dzieci. Wykorzystywanie literatury dzieci\u0119cej podczas codziennych zabaw i zaj\u0119\u0107. Naprawianie zniszczonych ksi\u0105\u017cek.<\/span><\/li>\n<li><span style=\"color: #000000;\">wtorkowe czytanie bajek terapeutycznych w przedszkolu.<\/span><\/li>\n<\/ul>\n<p><span style=\"color: #000000;\"><strong>III. Wydarzenia promuj\u0105ce i wspieraj\u0105ce rozw\u00f3j\u00a0 czytelnictwa organizowane w ramach programu:<br \/>\n<\/strong>Dzia\u0142ania na terenie przedszkola<br \/>\n<\/span><\/p>\n<ul>\n<li><span style=\"color: #000000;\">Udzia\u0142 w projekcie &#8222;Plastu\u015b weso\u0142y, zaprowadzi nas do szko\u0142y!&#8221; &#8211; ca\u0142y rok<\/span><\/li>\n<li><span style=\"color: #000000;\">K\u0105cik do wypo\u017cyczania ksi\u0105\u017cek, tzw. &#8222;Biblioteczka przedszkolaka&#8221;<\/span><\/li>\n<li><span style=\"color: #000000;\">\u201ePopo\u0142udnie z bajk\u0105\u201d &#8211; czytanie ksi\u0105\u017cek z k\u0105cika &#8211; ca\u0142y rok<\/span><\/li>\n<li><span style=\"color: #000000;\">Narodowe czytanie &#8211; wrzesie\u0144 2024<\/span><\/li>\n<li><span style=\"color: #000000;\">\u201cMi\u0119dzynarodowy Dzie\u0144 Kropki\u201d &#8211; czytanie opowiadania &#8222;Kropka&#8221; Peter Reynolds &#8211; wrzesie\u0144 2024<\/span><\/li>\n<li><span style=\"color: #000000;\">\u201cDzie\u0144 g\u0142o\u015bnego czytania\u201d &#8211; wrzesie\u0144 2024<\/span><\/li>\n<li><span style=\"color: #000000;\">spotkanie autorskie z p. Wies\u0142awem Drabikiem &#8211; wrzesie\u0144 2024<\/span><\/li>\n<li><span style=\"color: #000000;\">spotkanie autorskie\u00a0 p. Dari\u0105 Szmelik &#8211; pa\u017adziernik 2024<\/span><\/li>\n<li><span style=\"color: #000000;\">udzia\u0142 w Powiatowym konkursie poezji, prozy i piosenki patriotycznej dla przedszkoli &#8211; pa\u017adziernik 2024\u00a0<\/span><\/li>\n<li><span style=\"color: #000000;\">konkurs recytatorski pt. \u201eKocham Ci\u0119 Polsko\u201d &#8211; pa\u017adziernik 2024<\/span><\/li>\n<li><span style=\"color: #000000;\">konkurs plastyczny \u201eMi\u015b \u2013 ulubiony bohater literacki\u201d &#8211; listopad 2024<\/span><\/li>\n<li><span style=\"color: #000000;\">\u201eTydzie\u0144 z bajk\u0105. Bal postaci z bajek\u201d, \u201eDzie\u0144 postaci z bajek\u201d &#8211; luty 2025\u00a0<\/span><\/li>\n<\/ul>\n<p><span style=\"color: #000000;\"><strong>Inicjatywy lokalne<\/strong><\/span><\/p>\n<ul>\n<li aria-level=\"1\"><span style=\"color: #000000;\">Zakup nowo\u015bci wydawniczych po zasi\u0119gni\u0119ciu opinii dzieci, nauczycieli, rodzic\u00f3w &#8211; wrzesie\u0144 &#8211; grudzie\u0144 2024,<\/span><\/li>\n<li aria-level=\"1\"><span style=\"color: #000000;\">\u201cDzie\u0144 Babci i Dziadka\u201d &#8211; wsp\u00f3lne czytanie prozy dzieci\u0119cej &#8211; stycze\u0144 2025,<\/span><\/li>\n<li aria-level=\"1\"><span style=\"color: #000000;\">\u201ePoznajemy polskie legendy\u201d- zapoznanie z legendami w oparciu o: czytanie oraz wykorzystanie teatrzyku Kamishibai &#8211; czerwiec 2025.<\/span><\/li>\n<\/ul>\n<p><span style=\"color: #000000;\">Ponadto\u00a0 poza harmonogramem odby\u0142y si\u0119 nast\u0119puj\u0105ce wydarzenia promuj\u0105ce i wspieraj\u0105ce czytelnictwo:\u00a0<\/span><\/p>\n<ul>\n<li aria-level=\"1\"><span style=\"color: #000000;\">udzia\u0142 przedszkolak\u00f3w w przedstawieniu &#8222;Zamieszanie w krainie bajek&#8221; wystawionym przez Szkoln\u0105 Grup\u0119 Teatraln\u0105 &#8222;Autokreacja&#8221; &#8211; czerwiec 2025;\u00a0<\/span><\/li>\n<li aria-level=\"1\"><span style=\"color: #000000;\">udzia\u0142 w spotkaniu Szkolnego Ko\u0142a Czytelniczego: \u201cDzieci dla Dzieci\u201d, kt\u00f3re zorganizowa\u0142o spotkania czytelnicze dla przedszkolak\u00f3w podczas, kt\u00f3rych czytano &#8222;Lokomotyw\u0119&#8221; Juliana Tuwima oraz\u00a0 zorganizowano zabawy ruchowe oraz &#8222;Zgaduj &#8211; zgadul\u0119&#8221; do przeczytanego tekstu &#8211; maj 2025;<\/span><\/li>\n<li aria-level=\"1\"><span style=\"color: #000000;\">udzia\u0142 w IV og\u00f3lnopolskim konkursie czytelniczym &#8222;CzytaMy&#8221; promuj\u0105cy czytelnictwo w oparciu o zakupione ksi\u0105\u017cki &#8222;Gdzie jeste\u015b mamo?&#8221; oraz &#8222;Prosz\u0119 mnie przytuli\u0107&#8221; autorstwa P. Wechterowicz, E. Dziubak. Wykonanie pracy plastycznej nawi\u0105zuj\u0105cej do przeczytanej literatury. Konkurs zorganizowany przez Szko\u0142\u0119 Podstawow\u0105 nr 33 z Oddzia\u0142ami Dwuj\u0119zycznymi w Katowicach im. Stanis\u0142awa Ligonia &#8211; pa\u017adziernik 2024 &#8211; kwiecie\u0144 2025<\/span><\/li>\n<\/ul>\n<p><span style=\"color: #000000;\"><strong>IV. Dzia\u0142ania, kt\u00f3re wskazuj\u0105 na wsp\u00f3\u0142dzia\u0142anie w \u015brodowisku lokalnym, w tym z bibliotek\u0105 publiczn\u0105<\/strong><\/span><\/p>\n<ol>\n<li><span style=\"color: #000000;\">We wsp\u00f3\u0142pracy z Miejsk\u0105 Bibliotek\u0105 Publiczn\u0105 w \u017borach zorganizowane zosta\u0142y zaj\u0119cia biblioteczne, kt\u00f3re polega\u0142y na poznaniu miejsca i zasad korzystania z ksi\u0119gozbioru dzieci\u0119cego oraz pracy bibliotekarza. Zaj\u0119cia mia\u0142y zorganizowane w ramach\u00a0 Tygodnia Bibliotek i Dnia Bibliotekarza. Zaj\u0119cia biblioteczne przeprowadzone w bibliotece miejskiej:, 29.04.2025 r. (grupa czterolatk\u00f3w), 14.05.2025 r. (grupa sze\u015bciolatk\u00f3w), 15.05.2025 r. (grupa pi\u0119ciolatk\u00f3w), 27.05.2025 r. (grupa trzylatk\u00f3w), 29.04.2025 r. grupa (grupa 4 latk\u00f3w)<\/span><\/li>\n<li><span style=\"color: #000000;\">18.06.2025 r. przy wsp\u00f3\u0142pracy z Ko\u0142em Gospody\u0144 Wiejskich zorganizowane zosta\u0142o spotkanie\u00a0 pt. \u201ePoznajemy legendy o naszym mie\u015bcie\u201d. Podczas spotkania wykorzystany zosta\u0142 teatrzyk Kamishibai;<\/span><\/li>\n<li><span style=\"color: #000000;\">\u201eCzytanie na trawie\u201d spotkanie z udzia\u0142em zaproszonych rodzic\u00f3w, os\u00f3b ze \u015brodowiska lokalnego, absolwent\u00f3w przedszkola, emerytowany nauczyciel, babcia, rodzice;<\/span><\/li>\n<li><span style=\"color: #000000;\">W ramach Og\u00f3lnopolskiego Tygodnia Czytania Dzieciom &#8211; Czytanie zbli\u017ca\u201d odby\u0142o si\u0119 \u201cCzytanie na polanie\u201dpo\u0142\u0105czone z III Baranowickim Festynem Rodzinnym. Dzia\u0142anie polega\u0142o na wsp\u00f3lnym czytaniu rodzic\u00f3w z dzie\u0107mi &#8211; czerwiec 2025 r.<\/span><\/li>\n<li><span style=\"color: #000000;\">\u201cKsi\u0105\u017cka dla trzylatka\u201d &#8211; udzia\u0142 w akcji zorganizowanej we wsp\u00f3\u0142pracy z Miejsk\u0105 Bibliotek\u0105 Publiczn\u0105 w \u017borach, pod patronatem Prezydenta Miasta \u017bory. P\u0142omyk o imieniu \u017borek odwiedzi\u0142 przedszkola, gdzie wraz z bibliotekarzem przekaza\u0142 dzieciom informacj\u0119, \u017ce \u017bory obchodz\u0105 750 urodziny i z tej okazji wr\u0119czy\u0142 trzylatkom ksi\u0105\u017ceczki &#8211; 26 maja 2025.<\/span><\/li>\n<li><span style=\"color: #000000;\">\u201cCzytanie z seniorami\u201d zorganizowane w grupach \u201cB\u201d, \u201cC\u201d, \u201cD\u201d.<\/span><\/li>\n<\/ol>\n<p><span style=\"color: #000000;\"><strong>V. Uwzgl\u0119dnienie potrzeb dzieci niepe\u0142nosprawnych w planowanych zakupach ksi\u0105\u017cek<br \/>\n<\/strong>Przy dokonywaniu zakup\u00f3w uwzgl\u0119dniono problematyk\u0119 potrzeb dzieci z niepe\u0142nosprawno\u015bci\u0105 i rodzaje niepe\u0142nosprawno\u015bci dzieci w przedszkolu.<br \/>\n<strong>VI. Dzia\u0142ania promocyjne<br \/>\n<\/strong>Dzia\u0142ania promocyjno \u2013 informacyjne wynikaj\u0105ce z programu s\u0105 na bie\u017c\u0105co realizowane poprzez zamieszczanie relacji z wydarze\u0144, akcji, konkurs\u00f3w informacji na stronie internetowej plac\u00f3wki <a style=\"color: #000000;\" href=\"http:\/\/www.zsp5.zory.pl\/\">www.zsp5.zory.pl<\/a> i facebook plac\u00f3wki <a style=\"color: #000000;\" href=\"https:\/\/www.facebook.com\/profile.php?id=100085906780262&amp;ref=embed_page-\">https:\/\/www.facebook.com\/profile.php?id=100085906780262&amp;ref=embed_page-<\/a>. Dzia\u0142ania te trwa\u0142y do ko\u0144ca czerwca 2025.\u00a0<\/span><\/p>\n<p><span style=\"color: #000000;\"><strong>Wnioski:<br \/>\n<\/strong>Program zintegrowa\u0142 r\u00f3\u017cnorodne dzia\u0142ania nauczycieli, rodzic\u00f3w i dyrektora wok\u00f3\u0142 promocji czytelnictwa w przedszkolu i w \u015brodowisku lokalnym. Wzbogaci\u0142 tak\u017ce aspekty wsp\u00f3\u0142pracy z bibliotek\u0105 szkoln\u0105. Wyb\u00f3r i zakup ksi\u0105\u017cek do przedszkolnych \u201eK\u0105cik\u00f3w ksi\u0105\u017cek\u201d dostosowanych do wieku dzieci spowodowa\u0142 wyra\u017ane i zauwa\u017calne zwi\u0119kszenie zainteresowania zar\u00f3wno ksi\u0105\u017ck\u0105, jak i bibliotek\u0105. Nowo zakupione ksi\u0105\u017ceczki dostarczy\u0142y ma\u0142ym czytelnikom wielu radosnych emocji, wra\u017ce\u0144, rozbudzi\u0142y ciekawo\u015b\u0107 oraz zach\u0119ci\u0142y je do korzystania i odwiedzania biblioteki dzieci\u0119cej. Rozmowy na temat przeczytanych bajek i opowiada\u0144 daj\u0105 mo\u017cliwo\u015b\u0107 uczestniczenia w ciekawych zaj\u0119ciach edukacyjnych, inspiruj\u0105 do nowych dzia\u0142a\u0144 promuj\u0105cych czytelnictwo daj\u0105 mo\u017cliwo\u015b\u0107 cz\u0119stszego obcowania z ksi\u0105\u017ck\u0105.<\/span><\/p>\n<p><span style=\"color: #000000;\">belka logotypowa uwzgl\u0119dniaj\u0105ca logotypy NPRCz 2.0, MKiDN oraz MEN<\/span><img loading=\"lazy\" decoding=\"async\" class=\"alignnone size-large wp-image-1086497\" src=\"http:\/\/zsp5.zory.pl\/wp-content\/uploads\/2025\/06\/nprcz-belka-men-bn-ik-nck-kolor-rgb-1024x83.jpg\" alt=\"\" width=\"1024\" height=\"83\" srcset=\"http:\/\/zsp5.zory.pl\/wp-content\/uploads\/2025\/06\/nprcz-belka-men-bn-ik-nck-kolor-rgb-980x79.jpg 980w, http:\/\/zsp5.zory.pl\/wp-content\/uploads\/2025\/06\/nprcz-belka-men-bn-ik-nck-kolor-rgb-480x39.jpg 480w\" sizes=\"(min-width: 0px) and (max-width: 480px) 480px, (min-width: 481px) and (max-width: 980px) 980px, (min-width: 981px) 1024px, 100vw\" \/><\/p>\n","protected":false},"excerpt":{"rendered":"<p>Sprawozdanie z realizacji dzia\u0142a\u0144 w ramach Narodowego Programu Rozwoju Czytelnictwa 2.0 w Przedszkolu nr 12 w Zespole Szkolno \u2013 Przedszkolnym nr 5 w \u017borach za okres wrzesie\u0144 2024 \u2013 czerwiec 2025 r.\u00a0 W roku szkolnym 2024\/2025 Przedszkole nr 12 w Zespole Szkolno &#8211; Przedszkolnym nr 5 w \u017borach przyst\u0105pi\u0142o do Narodowego Programu Rozwoju Czytelnictwa 2.0. [&hellip;]<\/p>\n","protected":false},"author":11,"featured_media":0,"comment_status":"closed","ping_status":"open","sticky":false,"template":"","format":"standard","meta":{"_et_pb_use_builder":"","_et_pb_old_content":"","_et_gb_content_width":"","footnotes":""},"categories":[2,4,38],"tags":[],"class_list":["post-1086494","post","type-post","status-publish","format-standard","hentry","category-aktualnosci","category-grupy_aktualnosci","category-projekty"],"_links":{"self":[{"href":"https:\/\/zsp5.zory.pl\/index.php?rest_route=\/wp\/v2\/posts\/1086494","targetHints":{"allow":["GET"]}}],"collection":[{"href":"https:\/\/zsp5.zory.pl\/index.php?rest_route=\/wp\/v2\/posts"}],"about":[{"href":"https:\/\/zsp5.zory.pl\/index.php?rest_route=\/wp\/v2\/types\/post"}],"author":[{"embeddable":true,"href":"https:\/\/zsp5.zory.pl\/index.php?rest_route=\/wp\/v2\/users\/11"}],"replies":[{"embeddable":true,"href":"https:\/\/zsp5.zory.pl\/index.php?rest_route=%2Fwp%2Fv2%2Fcomments&post=1086494"}],"version-history":[{"count":3,"href":"https:\/\/zsp5.zory.pl\/index.php?rest_route=\/wp\/v2\/posts\/1086494\/revisions"}],"predecessor-version":[{"id":1086498,"href":"https:\/\/zsp5.zory.pl\/index.php?rest_route=\/wp\/v2\/posts\/1086494\/revisions\/1086498"}],"wp:attachment":[{"href":"https:\/\/zsp5.zory.pl\/index.php?rest_route=%2Fwp%2Fv2%2Fmedia&parent=1086494"}],"wp:term":[{"taxonomy":"category","embeddable":true,"href":"https:\/\/zsp5.zory.pl\/index.php?rest_route=%2Fwp%2Fv2%2Fcategories&post=1086494"},{"taxonomy":"post_tag","embeddable":true,"href":"https:\/\/zsp5.zory.pl\/index.php?rest_route=%2Fwp%2Fv2%2Ftags&post=1086494"}],"curies":[{"name":"wp","href":"https:\/\/api.w.org\/{rel}","templated":true}]}}