{"id":1086438,"date":"2025-06-12T20:23:37","date_gmt":"2025-06-12T18:23:37","guid":{"rendered":"https:\/\/zsp5.zory.pl\/?p=1086438"},"modified":"2025-06-12T20:23:57","modified_gmt":"2025-06-12T18:23:57","slug":"tygodniowe-obchody-dnia-dziecka-2","status":"publish","type":"post","link":"https:\/\/zsp5.zory.pl\/?p=1086438","title":{"rendered":"Tygodniowe Obchody Dnia Dziecka"},"content":{"rendered":"<p><span style=\"color: #000000;\">U\u015bmiech, rado\u015b\u0107, zabawa &#8211; tak mo\u017cna by w skr\u00f3cie uj\u0105\u0107, co dzia\u0142o si\u0119 w naszym przedszkolu w dniach 02.06-06.06.2025 r. Podczas Tygodniowych Obchod\u00f3w Dnia Dziecka w naszym przedszkolu by\u0142y dmucha\u0144ce, zaj\u0119cia sportowe oraz kreatywne. Mo\u017cna r\u00f3wnie\u017c by\u0142o zje\u015b\u0107 lody oraz przynie\u015b\u0107 swoje ukochane zabawki. <\/span><span style=\"color: #000000;\">Za pomoc w organizacji tego dnia serdeczne podzi\u0119kowania nale\u017c\u0105 si\u0119 naszym rodzicom za oddawanie g\u0142os\u00f3w na post p. Roksany Kaul w konkursie &#8222;Mega frajda&#8221; oraz Radzie Rodzic\u00f3w. Dzi\u0119kujemy r\u00f3wnie\u017c KS Baranowice za zorganizowanie spotkania oraz zaj\u0119\u0107 sportowych.<\/span><br \/>\n<span style=\"color: #000000;\">Drogie Dzieci,<\/span><br \/>\n<span style=\"color: #000000;\">z okazji Waszego \u015bwi\u0119ta, jeszcze raz sk\u0142adamy Wam \u017cyczenia radosnego dzieci\u0144stwa, kochaj\u0105cej rodziny i wielu serdecznych przyjaci\u00f3\u0142. Niech ka\u017cdy dzie\u0144 b\u0119dzie dla Was now\u0105, pe\u0142n\u0105 beztroskiej zabawy przygod\u0105.<\/span><\/p>\n","protected":false},"excerpt":{"rendered":"<p>U\u015bmiech, rado\u015b\u0107, zabawa &#8211; tak mo\u017cna by w skr\u00f3cie uj\u0105\u0107, co dzia\u0142o si\u0119 w naszym przedszkolu w dniach 02.06-06.06.2025 r. Podczas Tygodniowych Obchod\u00f3w Dnia Dziecka w naszym przedszkolu by\u0142y dmucha\u0144ce, zaj\u0119cia sportowe oraz kreatywne. Mo\u017cna r\u00f3wnie\u017c by\u0142o zje\u015b\u0107 lody oraz przynie\u015b\u0107 swoje ukochane zabawki. Za pomoc w organizacji tego dnia serdeczne podzi\u0119kowania nale\u017c\u0105 si\u0119 naszym [&hellip;]<\/p>\n","protected":false},"author":11,"featured_media":0,"comment_status":"closed","ping_status":"open","sticky":false,"template":"","format":"standard","meta":{"_et_pb_use_builder":"","_et_pb_old_content":"","_et_gb_content_width":"","footnotes":""},"categories":[4],"tags":[],"class_list":["post-1086438","post","type-post","status-publish","format-standard","hentry","category-grupy_aktualnosci"],"_links":{"self":[{"href":"https:\/\/zsp5.zory.pl\/index.php?rest_route=\/wp\/v2\/posts\/1086438","targetHints":{"allow":["GET"]}}],"collection":[{"href":"https:\/\/zsp5.zory.pl\/index.php?rest_route=\/wp\/v2\/posts"}],"about":[{"href":"https:\/\/zsp5.zory.pl\/index.php?rest_route=\/wp\/v2\/types\/post"}],"author":[{"embeddable":true,"href":"https:\/\/zsp5.zory.pl\/index.php?rest_route=\/wp\/v2\/users\/11"}],"replies":[{"embeddable":true,"href":"https:\/\/zsp5.zory.pl\/index.php?rest_route=%2Fwp%2Fv2%2Fcomments&post=1086438"}],"version-history":[{"count":1,"href":"https:\/\/zsp5.zory.pl\/index.php?rest_route=\/wp\/v2\/posts\/1086438\/revisions"}],"predecessor-version":[{"id":1086439,"href":"https:\/\/zsp5.zory.pl\/index.php?rest_route=\/wp\/v2\/posts\/1086438\/revisions\/1086439"}],"wp:attachment":[{"href":"https:\/\/zsp5.zory.pl\/index.php?rest_route=%2Fwp%2Fv2%2Fmedia&parent=1086438"}],"wp:term":[{"taxonomy":"category","embeddable":true,"href":"https:\/\/zsp5.zory.pl\/index.php?rest_route=%2Fwp%2Fv2%2Fcategories&post=1086438"},{"taxonomy":"post_tag","embeddable":true,"href":"https:\/\/zsp5.zory.pl\/index.php?rest_route=%2Fwp%2Fv2%2Ftags&post=1086438"}],"curies":[{"name":"wp","href":"https:\/\/api.w.org\/{rel}","templated":true}]}}