{"id":1086310,"date":"2025-05-03T18:26:39","date_gmt":"2025-05-03T16:26:39","guid":{"rendered":"https:\/\/zsp5.zory.pl\/?p=1086310"},"modified":"2025-05-06T20:49:08","modified_gmt":"2025-05-06T18:49:08","slug":"zapisy-na-dyzur-wakacyjny","status":"publish","type":"post","link":"https:\/\/zsp5.zory.pl\/?p=1086310","title":{"rendered":"Zapisy na dy\u017cur wakacyjny"},"content":{"rendered":"<div class=\"x11i5rnm xat24cr x1mh8g0r x1vvkbs xtlvy1s x126k92a\">\n<div dir=\"auto\"><span style=\"color: #000000;\">Informujemy, \u017ce Przedszkole nr 12 b\u0119dzie pe\u0142ni\u0142o dy\u017cur wakacyjny wy\u0142\u0105cznie dla wychowank\u00f3w naszego przedszkola w terminie 01.07.2025 \u2013 11.08.2025<\/span><\/div>\n<\/div>\n<div class=\"x11i5rnm xat24cr x1mh8g0r x1vvkbs xtlvy1s x126k92a\">\n<div dir=\"auto\"><span style=\"color: #000000;\">Plac\u00f3wka dysponowa\u0107 b\u0119dzie 50 miejscami + 10 miejsc z listy rezerwowej.<\/span><\/div>\n<\/div>\n<div class=\"x11i5rnm xat24cr x1mh8g0r x1vvkbs xtlvy1s x126k92a\">\n<div dir=\"auto\"><span style=\"color: #000000;\">O przyj\u0119ciu na dy\u017cur b\u0119dzie decydowa\u0107:<\/span><\/div>\n<div dir=\"auto\"><span style=\"color: #000000;\">\u00b7 praca obojga rodzic\u00f3w<\/span><\/div>\n<div dir=\"auto\"><span style=\"color: #000000;\">\u00b7 kolejno\u015b\u0107 zg\u0142osze\u0144.<\/span><\/div>\n<\/div>\n<div class=\"x11i5rnm xat24cr x1mh8g0r x1vvkbs xtlvy1s x126k92a\">\n<div dir=\"auto\"><span style=\"color: #000000;\">TERMIN ZAPISU: od 05.05.2025 r. (poniedzia\u0142ek) od godz. 7:30 do 9.05.2025 r. (pi\u0105tek) do godz. 15:00 lub do wyczerpania miejsc.<\/span><\/div>\n<\/div>\n<div class=\"x11i5rnm xat24cr x1mh8g0r x1vvkbs xtlvy1s x126k92a\">\n<div dir=\"auto\"><span style=\"color: #000000;\">W celu zapisania dziecka na dy\u017cur nale\u017cy wype\u0142ni\u0107 formularz zg\u0142oszenia znajduj\u0105cy si\u0119 na stronie:<\/span><\/div>\n<h3 dir=\"auto\"><span style=\"color: #000000;\"><a style=\"color: #000000;\" href=\"https:\/\/www.zapisy.zory.pl\/p12\/\">https:\/\/www.zapisy.zory.pl\/p12\/<\/a><\/span><\/h3>\n<\/div>\n<div class=\"x11i5rnm xat24cr x1mh8g0r x1vvkbs xtlvy1s x126k92a\">\n<div dir=\"auto\">Link b\u0119dzie aktywny od 05.05.2025 od godziny 7.30.<\/div>\n<div dir=\"auto\">Informujemy, \u017ce w okresie dy\u017curu wakacyjnego b\u0119d\u0105 organizowane grupy mieszane prowadzone przez nauczycieli naszego przedszkola, ale niekoniecznie prowadz\u0105cych dan\u0105 grup\u0119 w czasie roku szkolnego.<\/div>\n<\/div>\n<div class=\"x11i5rnm xat24cr x1mh8g0r x1vvkbs xtlvy1s x126k92a\">\n<div dir=\"auto\">Prosimy rodzic\u00f3w o przemy\u015blan\u0105 deklaracj\u0119 pobytu dziecka w przedszkolu podczas dy\u017curu wakacyjnego.<\/div>\n<\/div>\n<div class=\"x11i5rnm xat24cr x1mh8g0r x1vvkbs xtlvy1s x126k92a\">\n<div dir=\"auto\">Brak usprawiedliwienia nieobecno\u015bci dziecka w okresie dy\u017curu wakacyjnego b\u0119dzie skutkowa\u0142o skre\u015bleniem z listy.<\/div>\n<\/div>\n","protected":false},"excerpt":{"rendered":"<p>Informujemy, \u017ce Przedszkole nr 12 b\u0119dzie pe\u0142ni\u0142o dy\u017cur wakacyjny wy\u0142\u0105cznie dla wychowank\u00f3w naszego przedszkola w terminie 01.07.2025 \u2013 11.08.2025 Plac\u00f3wka dysponowa\u0107 b\u0119dzie 50 miejscami + 10 miejsc z listy rezerwowej. O przyj\u0119ciu na dy\u017cur b\u0119dzie decydowa\u0107: \u00b7 praca obojga rodzic\u00f3w \u00b7 kolejno\u015b\u0107 zg\u0142osze\u0144. TERMIN ZAPISU: od 05.05.2025 r. (poniedzia\u0142ek) od godz. 7:30 do 9.05.2025 r. [&hellip;]<\/p>\n","protected":false},"author":6,"featured_media":0,"comment_status":"closed","ping_status":"open","sticky":false,"template":"","format":"standard","meta":{"_et_pb_use_builder":"","_et_pb_old_content":"","_et_gb_content_width":"","footnotes":""},"categories":[2,4,39],"tags":[],"class_list":["post-1086310","post","type-post","status-publish","format-standard","hentry","category-aktualnosci","category-grupy_aktualnosci","category-komunikat-specjalny"],"_links":{"self":[{"href":"https:\/\/zsp5.zory.pl\/index.php?rest_route=\/wp\/v2\/posts\/1086310","targetHints":{"allow":["GET"]}}],"collection":[{"href":"https:\/\/zsp5.zory.pl\/index.php?rest_route=\/wp\/v2\/posts"}],"about":[{"href":"https:\/\/zsp5.zory.pl\/index.php?rest_route=\/wp\/v2\/types\/post"}],"author":[{"embeddable":true,"href":"https:\/\/zsp5.zory.pl\/index.php?rest_route=\/wp\/v2\/users\/6"}],"replies":[{"embeddable":true,"href":"https:\/\/zsp5.zory.pl\/index.php?rest_route=%2Fwp%2Fv2%2Fcomments&post=1086310"}],"version-history":[{"count":4,"href":"https:\/\/zsp5.zory.pl\/index.php?rest_route=\/wp\/v2\/posts\/1086310\/revisions"}],"predecessor-version":[{"id":1086317,"href":"https:\/\/zsp5.zory.pl\/index.php?rest_route=\/wp\/v2\/posts\/1086310\/revisions\/1086317"}],"wp:attachment":[{"href":"https:\/\/zsp5.zory.pl\/index.php?rest_route=%2Fwp%2Fv2%2Fmedia&parent=1086310"}],"wp:term":[{"taxonomy":"category","embeddable":true,"href":"https:\/\/zsp5.zory.pl\/index.php?rest_route=%2Fwp%2Fv2%2Fcategories&post=1086310"},{"taxonomy":"post_tag","embeddable":true,"href":"https:\/\/zsp5.zory.pl\/index.php?rest_route=%2Fwp%2Fv2%2Ftags&post=1086310"}],"curies":[{"name":"wp","href":"https:\/\/api.w.org\/{rel}","templated":true}]}}