{"id":1086269,"date":"2025-04-02T13:17:36","date_gmt":"2025-04-02T11:17:36","guid":{"rendered":"https:\/\/zsp5.zory.pl\/?p=1086269"},"modified":"2025-04-07T13:19:35","modified_gmt":"2025-04-07T11:19:35","slug":"konkurs-fotograficzny-gdzie-lubie-czytac","status":"publish","type":"post","link":"https:\/\/zsp5.zory.pl\/?p=1086269","title":{"rendered":"Konkurs fotograficzny &#8222;Gdzie lubi\u0119 czyta\u0107?&#8221;"},"content":{"rendered":"<div class=\"x11i5rnm xat24cr x1mh8g0r x1vvkbs xtlvy1s x126k92a\">\n<div dir=\"auto\"><span style=\"color: #000000;\">Og\u00f3lnopolski projekt edukacyjny promuj\u0105cy czytelnictwo \u201eKwiecie\u0144 &#8211; miesi\u0105cem Ksi\u0105\u017cki\u201d<\/span><\/div>\n<\/div>\n<div class=\"x11i5rnm xat24cr x1mh8g0r x1vvkbs xtlvy1s x126k92a\">\n<div dir=\"auto\"><span style=\"color: #000000;\">Ksi\u0105\u017cki otwieraj\u0105 przed nami drzwi do nowych \u015bwiat\u00f3w, rozwijaj\u0105 wyobra\u017ani\u0119 i wzbogacaj\u0105 s\u0142ownictwo. Chcemy, aby w naszej szkole kwiecie\u0144 sta\u0142 si\u0119 wyj\u0105tkowym czasem promowania czytelnictwa i odkrywania rado\u015bci p\u0142yn\u0105cej z ksi\u0105\u017cek.<\/span><\/div>\n<div dir=\"auto\"><span style=\"color: #000000;\">W ramach akcji \u201eKwiecie\u0144 \u2013 Miesi\u0105cem Ksi\u0105\u017cki\u201d zaplanowali\u015bmy szereg r\u00f3\u017cnorodnych wydarze\u0144, kt\u00f3re zaanga\u017cuj\u0105 zar\u00f3wno uczni\u00f3w, jak i nauczycieli. Ka\u017cdy tydzie\u0144 b\u0119dzie pe\u0142en literackich wyzwa\u0144, zabaw i inspiruj\u0105cych spotka\u0144 z ksi\u0105\u017ck\u0105.<\/span><\/div>\n<div dir=\"auto\">\n<div class=\"x11i5rnm xat24cr x1mh8g0r x1vvkbs xtlvy1s x126k92a\">\n<div dir=\"auto\"><span style=\"color: #000000;\">Zapraszamy do udzia\u0142u w konkursie fotograficznym.<\/span><\/div>\n<\/div>\n<div class=\"x11i5rnm xat24cr x1mh8g0r x1vvkbs xtlvy1s x126k92a\">\n<div dir=\"auto\"><span style=\"color: #000000;\">Konkurs fotograficzny &#8222;Gdzie lubi\u0119 czyta\u0107?&#8221;<\/span><\/div>\n<div dir=\"auto\"><span style=\"color: #000000;\">Zapraszamy do udzia\u0142u w konkursie fotograficznym organizowanym w ramach og\u00f3lnopolskiego projektu edukacyjnego promuj\u0105cego czytelnictwo \u201eKwiecie\u0144- miesi\u0105cem Ksi\u0105\u017cki\u201d. Zadaniem konkursowym jest sfotografowanie siebie z ulubion\u0105 ksi\u0105\u017ck\u0105 w miejscu, w kt\u00f3rym najch\u0119tniej czytacie. Format zdj\u0119cia to 20&#215;30. Fotografi\u0119 z ty\u0142u nale\u017cy podpisa\u0107 imieniem i nazwiskiem, klas\u0105.<\/span><\/div>\n<div dir=\"auto\"><span style=\"color: #000000;\">Konkurs zostanie rozstrzygni\u0119ty w nast\u0119puj\u0105cych kategoriach wiekowych:<\/span><\/div>\n<ul>\n<li dir=\"auto\"><span style=\"color: #000000;\">kasy I-III.<\/span><\/li>\n<li dir=\"auto\"><span style=\"color: #000000;\">klasy IV-VI,<\/span><\/li>\n<li dir=\"auto\"><span style=\"color: #000000;\">klasy VII-VIII.<\/span><\/li>\n<\/ul>\n<div dir=\"auto\"><span style=\"color: #000000;\">Prace nale\u017cy sk\u0142ada\u0107 u p. Natalii Ko\u015bcielniak (pedagoga szkolnego) lub p. Beaty Petlakowskiej (biblioteka szkolna) do 23.04.2025r. <\/span><span style=\"color: #000000;\">Zapraszamy do aktywnego udzia\u0142u.<\/span><\/div>\n<\/div>\n<\/div>\n<\/div>\n","protected":false},"excerpt":{"rendered":"<p>Og\u00f3lnopolski projekt edukacyjny promuj\u0105cy czytelnictwo \u201eKwiecie\u0144 &#8211; miesi\u0105cem Ksi\u0105\u017cki\u201d Ksi\u0105\u017cki otwieraj\u0105 przed nami drzwi do nowych \u015bwiat\u00f3w, rozwijaj\u0105 wyobra\u017ani\u0119 i wzbogacaj\u0105 s\u0142ownictwo. Chcemy, aby w naszej szkole kwiecie\u0144 sta\u0142 si\u0119 wyj\u0105tkowym czasem promowania czytelnictwa i odkrywania rado\u015bci p\u0142yn\u0105cej z ksi\u0105\u017cek. W ramach akcji \u201eKwiecie\u0144 \u2013 Miesi\u0105cem Ksi\u0105\u017cki\u201d zaplanowali\u015bmy szereg r\u00f3\u017cnorodnych wydarze\u0144, kt\u00f3re zaanga\u017cuj\u0105 zar\u00f3wno uczni\u00f3w, [&hellip;]<\/p>\n","protected":false},"author":11,"featured_media":0,"comment_status":"closed","ping_status":"open","sticky":false,"template":"","format":"standard","meta":{"_et_pb_use_builder":"","_et_pb_old_content":"","_et_gb_content_width":"","footnotes":""},"categories":[2,217],"tags":[],"class_list":["post-1086269","post","type-post","status-publish","format-standard","hentry","category-aktualnosci","category-biblioteka_blog"],"_links":{"self":[{"href":"https:\/\/zsp5.zory.pl\/index.php?rest_route=\/wp\/v2\/posts\/1086269","targetHints":{"allow":["GET"]}}],"collection":[{"href":"https:\/\/zsp5.zory.pl\/index.php?rest_route=\/wp\/v2\/posts"}],"about":[{"href":"https:\/\/zsp5.zory.pl\/index.php?rest_route=\/wp\/v2\/types\/post"}],"author":[{"embeddable":true,"href":"https:\/\/zsp5.zory.pl\/index.php?rest_route=\/wp\/v2\/users\/11"}],"replies":[{"embeddable":true,"href":"https:\/\/zsp5.zory.pl\/index.php?rest_route=%2Fwp%2Fv2%2Fcomments&post=1086269"}],"version-history":[{"count":1,"href":"https:\/\/zsp5.zory.pl\/index.php?rest_route=\/wp\/v2\/posts\/1086269\/revisions"}],"predecessor-version":[{"id":1086270,"href":"https:\/\/zsp5.zory.pl\/index.php?rest_route=\/wp\/v2\/posts\/1086269\/revisions\/1086270"}],"wp:attachment":[{"href":"https:\/\/zsp5.zory.pl\/index.php?rest_route=%2Fwp%2Fv2%2Fmedia&parent=1086269"}],"wp:term":[{"taxonomy":"category","embeddable":true,"href":"https:\/\/zsp5.zory.pl\/index.php?rest_route=%2Fwp%2Fv2%2Fcategories&post=1086269"},{"taxonomy":"post_tag","embeddable":true,"href":"https:\/\/zsp5.zory.pl\/index.php?rest_route=%2Fwp%2Fv2%2Ftags&post=1086269"}],"curies":[{"name":"wp","href":"https:\/\/api.w.org\/{rel}","templated":true}]}}