{"id":1086267,"date":"2025-04-02T09:16:21","date_gmt":"2025-04-02T07:16:21","guid":{"rendered":"https:\/\/zsp5.zory.pl\/?p=1086267"},"modified":"2025-04-07T13:17:28","modified_gmt":"2025-04-07T11:17:28","slug":"kwiecien-miesiacem-ksiazki","status":"publish","type":"post","link":"https:\/\/zsp5.zory.pl\/?p=1086267","title":{"rendered":"\u201eKwiecie\u0144 &#8211; miesi\u0105cem Ksi\u0105\u017cki\u201d"},"content":{"rendered":"<div class=\"xdj266r x11i5rnm xat24cr x1mh8g0r x1vvkbs x126k92a\">\n<div dir=\"auto\"><\/div>\n<div dir=\"auto\"><span style=\"color: #000000;\">2. kwietnia to Mi\u0119dzynarodowy Dzie\u0144 Ksi\u0105\u017cki dla Dzieci oraz rocznica urodzin du\u0144skiego ba\u015bniopisarza Hansa Christiana Andersena. Idea tego \u015bwi\u0119ta jest aktualna zawsze \u2013 rozpowszechnienie ksi\u0105\u017cek dla dzieci i wspieranie czytania przez najm\u0142odszych.<\/span><\/div>\n<div dir=\"auto\"><span style=\"color: #000000;\">To szczeg\u00f3lne wydarzenie zosta\u0142o ustanowione przez IBBY \u2013 The International Board on Books for Young People \u2013 w celu promowania warto\u015bciowej literatury i grafiki dla m\u0142odych odbiorc\u00f3w.<\/span><\/div>\n<div dir=\"auto\"><span style=\"color: #000000;\">Ka\u017cdego roku inne pa\u0144stwo cz\u0142onkowskie Stowarzyszenia jest gospodarzem \u015bwi\u0119ta, a autor z tego kraju pisze przes\u0142anie dla dzieci z ca\u0142ego \u015bwiata promuj\u0105ce ksi\u0105\u017cki i kultur\u0119 czytania.<\/span><\/div>\n<\/div>\n<div class=\"x11i5rnm xat24cr x1mh8g0r x1vvkbs xtlvy1s x126k92a\">\n<div dir=\"auto\"><span style=\"color: #000000;\">Gospodarzem Mi\u0119dzynarodowego Dnia Ksi\u0105\u017cki dla Dzieci w 2025 roku jest holenderska sekcja IBBY. Plakat do tegorocznego przes\u0142ania, kt\u00f3rego autork\u0105 jest Rian Visser (ur.1966), holenderska poetka i autorka ksi\u0105\u017cek dla dzieci, zaprojektowa\u0142a holenderska ilustratorka ksi\u0105\u017cek dla m\u0142odych czytelnik\u00f3w, Janneke Ipenburg (ur.1979).<\/span><\/div>\n<\/div>\n<div class=\"x11i5rnm xat24cr x1mh8g0r x1vvkbs xtlvy1s x126k92a\">\n<div dir=\"auto\"><span style=\"color: #000000;\">Tematem tegorocznego Mi\u0119dzynarodowego Dnia Ksi\u0105\u017cki dla Dzieci jest wolno\u015b\u0107 wyobra\u017ani, a mottem &#8211; ostatnie zdanie wiersza pt.,,J\u0119zyk obraz\u00f3w\u2019\u2019:<\/span><\/div>\n<\/div>\n<div class=\"x11i5rnm xat24cr x1mh8g0r x1vvkbs xtlvy1s x126k92a\">\n<div dir=\"auto\"><span style=\"color: #000000;\">,,Zr\u00f3b rysunki do mojego wiersza &#8211; takie, jak tylko chcesz: te s\u0142owa nale\u017c\u0105 do ciebie, chocia\u017c przychodz\u0105 ode mnie\u2019\u2019.<\/span><\/div>\n<\/div>\n<div class=\"x11i5rnm xat24cr x1mh8g0r x1vvkbs xtlvy1s x126k92a\"><\/div>\n<div class=\"x11i5rnm xat24cr x1mh8g0r x1vvkbs xtlvy1s x126k92a\">\n<div dir=\"auto\"><\/div>\n<\/div>\n","protected":false},"excerpt":{"rendered":"<p>2. kwietnia to Mi\u0119dzynarodowy Dzie\u0144 Ksi\u0105\u017cki dla Dzieci oraz rocznica urodzin du\u0144skiego ba\u015bniopisarza Hansa Christiana Andersena. Idea tego \u015bwi\u0119ta jest aktualna zawsze \u2013 rozpowszechnienie ksi\u0105\u017cek dla dzieci i wspieranie czytania przez najm\u0142odszych. To szczeg\u00f3lne wydarzenie zosta\u0142o ustanowione przez IBBY \u2013 The International Board on Books for Young People \u2013 w celu promowania warto\u015bciowej literatury i [&hellip;]<\/p>\n","protected":false},"author":11,"featured_media":0,"comment_status":"closed","ping_status":"open","sticky":false,"template":"","format":"standard","meta":{"_et_pb_use_builder":"","_et_pb_old_content":"","_et_gb_content_width":"","footnotes":""},"categories":[2,217],"tags":[],"class_list":["post-1086267","post","type-post","status-publish","format-standard","hentry","category-aktualnosci","category-biblioteka_blog"],"_links":{"self":[{"href":"https:\/\/zsp5.zory.pl\/index.php?rest_route=\/wp\/v2\/posts\/1086267","targetHints":{"allow":["GET"]}}],"collection":[{"href":"https:\/\/zsp5.zory.pl\/index.php?rest_route=\/wp\/v2\/posts"}],"about":[{"href":"https:\/\/zsp5.zory.pl\/index.php?rest_route=\/wp\/v2\/types\/post"}],"author":[{"embeddable":true,"href":"https:\/\/zsp5.zory.pl\/index.php?rest_route=\/wp\/v2\/users\/11"}],"replies":[{"embeddable":true,"href":"https:\/\/zsp5.zory.pl\/index.php?rest_route=%2Fwp%2Fv2%2Fcomments&post=1086267"}],"version-history":[{"count":1,"href":"https:\/\/zsp5.zory.pl\/index.php?rest_route=\/wp\/v2\/posts\/1086267\/revisions"}],"predecessor-version":[{"id":1086268,"href":"https:\/\/zsp5.zory.pl\/index.php?rest_route=\/wp\/v2\/posts\/1086267\/revisions\/1086268"}],"wp:attachment":[{"href":"https:\/\/zsp5.zory.pl\/index.php?rest_route=%2Fwp%2Fv2%2Fmedia&parent=1086267"}],"wp:term":[{"taxonomy":"category","embeddable":true,"href":"https:\/\/zsp5.zory.pl\/index.php?rest_route=%2Fwp%2Fv2%2Fcategories&post=1086267"},{"taxonomy":"post_tag","embeddable":true,"href":"https:\/\/zsp5.zory.pl\/index.php?rest_route=%2Fwp%2Fv2%2Ftags&post=1086267"}],"curies":[{"name":"wp","href":"https:\/\/api.w.org\/{rel}","templated":true}]}}