{"id":1086258,"date":"2025-03-10T13:11:39","date_gmt":"2025-03-10T12:11:39","guid":{"rendered":"https:\/\/zsp5.zory.pl\/?p=1086258"},"modified":"2025-04-10T11:20:16","modified_gmt":"2025-04-10T09:20:16","slug":"aktywna-szkola-aktywny-do-kwadratu","status":"publish","type":"post","link":"https:\/\/zsp5.zory.pl\/?p=1086258","title":{"rendered":"\u201eAktywna Szko\u0142a\u201d \u2013 \u201eAktywny do Kwadratu\u201d"},"content":{"rendered":"<div dir=\"auto\"><\/div>\n<div dir=\"auto\">\n<div id=\"attachment_1086261\" style=\"width: 772px\" class=\"wp-caption aligncenter\"><img loading=\"lazy\" decoding=\"async\" aria-describedby=\"caption-attachment-1086261\" class=\"size-full wp-image-1086261\" src=\"http:\/\/zsp5.zory.pl\/wp-content\/uploads\/2025\/04\/AS-z-dopiskiem.jpg\" alt=\"\" width=\"762\" height=\"311\" srcset=\"http:\/\/zsp5.zory.pl\/wp-content\/uploads\/2025\/04\/AS-z-dopiskiem.jpg 762w, http:\/\/zsp5.zory.pl\/wp-content\/uploads\/2025\/04\/AS-z-dopiskiem-480x196.jpg 480w\" sizes=\"(min-width: 0px) and (max-width: 480px) 480px, (min-width: 481px) 762px, 100vw\" \/><p id=\"caption-attachment-1086261\" class=\"wp-caption-text\">Logo programu &#8222;Aktywna szko\u0142a&#8221;<\/p><\/div>\n<\/div>\n<div dir=\"auto\"><span style=\"color: #000000;\">Nasza szko\u0142a bierze udzia\u0142 w programie \u201eAktywna Szko\u0142a\u201d \u2013 \u201eAktywny do Kwadratu\u201d. Aktywny do Kwadratu to pozalekcyjne zaj\u0119cia sportowe dla dzieci i m\u0142odzie\u017cy w szko\u0142ach podstawowych. Zaj\u0119cia realizowane s\u0105 od 1 lutego do 30 listopada 2025 r. (z wy\u0142\u0105czeniem miesi\u0119cy wakacyjnych, ferii zimowych oraz dni \u015bwi\u0105tecznych). Zaj\u0119cia prowadzone s\u0105 w grupach \u0107wiczebnych powy\u017cej 15 os\u00f3b. Celem zaj\u0119\u0107 jest upowszechnienie aktywno\u015bci fizycznej w\u015br\u00f3d dzieci i m\u0142odzie\u017cy. Udzia\u0142 w zaj\u0119ciach w ramach zadania \u201eAktywny do kwadratu\u201d jest bezp\u0142atny. W naszej szkole utworzone zosta\u0142y 2 grupy prowadzone przez nauczycieli wychowania fizycznego:<\/span><\/div>\n<ul>\n<li><span style=\"color: #000000;\">grupa dziewcz\u0105t kl. IV \u2013 VI \u2013 czwartek, godz. 13.20 \u2013 14.20<\/span><\/li>\n<li><span style=\"color: #000000;\">grupa ch\u0142opc\u00f3w kl. IV \u2013 VI \u2013 \u015brody, godz. 14.10 \u2013 15.10.<\/span><\/li>\n<\/ul>\n<div dir=\"auto\"><span style=\"color: #000000;\">Je\u015bli chcesz do\u0142\u0105czy\u0107 zg\u0142o\u015b si\u0119 do nauczycieli wychowania fizycznego. Zach\u0119camy do udzia\u0142u.<\/span><\/div>\n<div dir=\"auto\"><a href=\"http:\/\/zsp5.zory.pl\/wp-content\/uploads\/2025\/04\/AKTYWNA_SZKOLA_300x100cm.tif\"><img decoding=\"async\" class=\"alignnone size-full wp-image-1086260\" src=\"http:\/\/zsp5.zory.pl\/wp-content\/uploads\/2025\/04\/AKTYWNA_SZKOLA_300x100cm.tif\" alt=\"\" \/><img decoding=\"async\" class=\"alignnone size-full wp-image-1086260\" src=\"http:\/\/zsp5.zory.pl\/wp-content\/uploads\/2025\/04\/AKTYWNA_SZKOLA_300x100cm.tif\" alt=\"\" \/><\/a><\/div>\n","protected":false},"excerpt":{"rendered":"<p>Nasza szko\u0142a bierze udzia\u0142 w programie \u201eAktywna Szko\u0142a\u201d \u2013 \u201eAktywny do Kwadratu\u201d. Aktywny do Kwadratu to pozalekcyjne zaj\u0119cia sportowe dla dzieci i m\u0142odzie\u017cy w szko\u0142ach podstawowych. Zaj\u0119cia realizowane s\u0105 od 1 lutego do 30 listopada 2025 r. (z wy\u0142\u0105czeniem miesi\u0119cy wakacyjnych, ferii zimowych oraz dni \u015bwi\u0105tecznych). Zaj\u0119cia prowadzone s\u0105 w grupach \u0107wiczebnych powy\u017cej 15 os\u00f3b. [&hellip;]<\/p>\n","protected":false},"author":11,"featured_media":0,"comment_status":"closed","ping_status":"open","sticky":false,"template":"","format":"standard","meta":{"_et_pb_use_builder":"","_et_pb_old_content":"","_et_gb_content_width":"","footnotes":""},"categories":[2,39,38],"tags":[547],"class_list":["post-1086258","post","type-post","status-publish","format-standard","hentry","category-aktualnosci","category-komunikat-specjalny","category-projekty","tag-aktywna-szkola"],"_links":{"self":[{"href":"https:\/\/zsp5.zory.pl\/index.php?rest_route=\/wp\/v2\/posts\/1086258","targetHints":{"allow":["GET"]}}],"collection":[{"href":"https:\/\/zsp5.zory.pl\/index.php?rest_route=\/wp\/v2\/posts"}],"about":[{"href":"https:\/\/zsp5.zory.pl\/index.php?rest_route=\/wp\/v2\/types\/post"}],"author":[{"embeddable":true,"href":"https:\/\/zsp5.zory.pl\/index.php?rest_route=\/wp\/v2\/users\/11"}],"replies":[{"embeddable":true,"href":"https:\/\/zsp5.zory.pl\/index.php?rest_route=%2Fwp%2Fv2%2Fcomments&post=1086258"}],"version-history":[{"count":3,"href":"https:\/\/zsp5.zory.pl\/index.php?rest_route=\/wp\/v2\/posts\/1086258\/revisions"}],"predecessor-version":[{"id":1086296,"href":"https:\/\/zsp5.zory.pl\/index.php?rest_route=\/wp\/v2\/posts\/1086258\/revisions\/1086296"}],"wp:attachment":[{"href":"https:\/\/zsp5.zory.pl\/index.php?rest_route=%2Fwp%2Fv2%2Fmedia&parent=1086258"}],"wp:term":[{"taxonomy":"category","embeddable":true,"href":"https:\/\/zsp5.zory.pl\/index.php?rest_route=%2Fwp%2Fv2%2Fcategories&post=1086258"},{"taxonomy":"post_tag","embeddable":true,"href":"https:\/\/zsp5.zory.pl\/index.php?rest_route=%2Fwp%2Fv2%2Ftags&post=1086258"}],"curies":[{"name":"wp","href":"https:\/\/api.w.org\/{rel}","templated":true}]}}