{"id":1086235,"date":"2025-03-24T18:17:37","date_gmt":"2025-03-24T17:17:37","guid":{"rendered":"https:\/\/zsp5.zory.pl\/?p=1086235"},"modified":"2025-03-24T18:17:37","modified_gmt":"2025-03-24T17:17:37","slug":"dzien-swietego-patryka-3","status":"publish","type":"post","link":"https:\/\/zsp5.zory.pl\/?p=1086235","title":{"rendered":"Dzie\u0144 \u015awi\u0119tego Patryka"},"content":{"rendered":"<p class=\"\" data-start=\"0\" data-end=\"118\"><strong data-start=\"0\" data-end=\"42\">Dzie\u0144 \u015awi\u0119tego Patryka w naszej szkole<\/strong> obchodzili\u015bmy z wielkim entuzjazmem i w prawdziwie irlandzkim stylu!\u00a0Wzi\u0119li\u015bmy udzia\u0142 w <strong data-start=\"139\" data-end=\"183\">og\u00f3lnopolskim projekcie z DIDACTO POLSKA<\/strong>, dzi\u0119ki kt\u00f3remu przez ca\u0142y tydzie\u0144 na zaj\u0119ciach j\u0119zyka angielskiego zg\u0142\u0119biali\u015bmy irlandzkie zwyczaje, histori\u0119 i kultur\u0119. Uczniowie mieli okazj\u0119 pozna\u0107 fascynuj\u0105ce tradycje Zielonej Wyspy, poszerzaj\u0105c swoj\u0105 wiedz\u0119 w ciekawy i anga\u017cuj\u0105cy spos\u00f3b.\u00a0Nie zabrak\u0142o r\u00f3wnie\u017c atrakcji \u2013 w szkolnej <strong data-start=\"475\" data-end=\"501\">kawiarence tematycznej<\/strong> mo\u017cna by\u0142o skosztowa\u0107 smako\u0142yk\u00f3w inspirowanych Irlandi\u0105, a wsp\u00f3lne <strong data-start=\"569\" data-end=\"587\">ta\u0144ce i zabawy<\/strong> doda\u0142y ca\u0142emu wydarzeniu wyj\u0105tkowego charakteru.To by\u0142 niezapomniany czas pe\u0142en nauki i \u015bwietnej zabawy! Dzi\u0119kujemy wszystkim za zaanga\u017cowanie i wsp\u00f3lne \u015bwi\u0119towanie!<\/p>\n<div style=\"width: 1080px;\" class=\"wp-video\"><video class=\"wp-video-shortcode\" id=\"video-1086235-1\" width=\"1080\" height=\"608\" preload=\"metadata\" controls=\"controls\"><source type=\"video\/mp4\" src=\"http:\/\/zsp5.zory.pl\/wp-content\/uploads\/2025\/03\/Spring.mp4?_=1\" \/><a href=\"http:\/\/zsp5.zory.pl\/wp-content\/uploads\/2025\/03\/Spring.mp4\">http:\/\/zsp5.zory.pl\/wp-content\/uploads\/2025\/03\/Spring.mp4<\/a><\/video><\/div>\n<p>Prezentacja ze zdj\u0119ciami- Dzie\u0144 \u015awi\u0119tego Patryka<\/p>\n<p data-start=\"0\" data-end=\"118\">\n","protected":false},"excerpt":{"rendered":"<p>Dzie\u0144 \u015awi\u0119tego Patryka w naszej szkole obchodzili\u015bmy z wielkim entuzjazmem i w prawdziwie irlandzkim stylu!\u00a0Wzi\u0119li\u015bmy udzia\u0142 w og\u00f3lnopolskim projekcie z DIDACTO POLSKA, dzi\u0119ki kt\u00f3remu przez ca\u0142y tydzie\u0144 na zaj\u0119ciach j\u0119zyka angielskiego zg\u0142\u0119biali\u015bmy irlandzkie zwyczaje, histori\u0119 i kultur\u0119. Uczniowie mieli okazj\u0119 pozna\u0107 fascynuj\u0105ce tradycje Zielonej Wyspy, poszerzaj\u0105c swoj\u0105 wiedz\u0119 w ciekawy i anga\u017cuj\u0105cy spos\u00f3b.\u00a0Nie zabrak\u0142o r\u00f3wnie\u017c [&hellip;]<\/p>\n","protected":false},"author":13,"featured_media":0,"comment_status":"closed","ping_status":"open","sticky":false,"template":"","format":"standard","meta":{"_et_pb_use_builder":"","_et_pb_old_content":"","_et_gb_content_width":"","footnotes":""},"categories":[186],"tags":[],"class_list":["post-1086235","post","type-post","status-publish","format-standard","hentry","category-samorzad-uczniowski"],"_links":{"self":[{"href":"https:\/\/zsp5.zory.pl\/index.php?rest_route=\/wp\/v2\/posts\/1086235","targetHints":{"allow":["GET"]}}],"collection":[{"href":"https:\/\/zsp5.zory.pl\/index.php?rest_route=\/wp\/v2\/posts"}],"about":[{"href":"https:\/\/zsp5.zory.pl\/index.php?rest_route=\/wp\/v2\/types\/post"}],"author":[{"embeddable":true,"href":"https:\/\/zsp5.zory.pl\/index.php?rest_route=\/wp\/v2\/users\/13"}],"replies":[{"embeddable":true,"href":"https:\/\/zsp5.zory.pl\/index.php?rest_route=%2Fwp%2Fv2%2Fcomments&post=1086235"}],"version-history":[{"count":1,"href":"https:\/\/zsp5.zory.pl\/index.php?rest_route=\/wp\/v2\/posts\/1086235\/revisions"}],"predecessor-version":[{"id":1086237,"href":"https:\/\/zsp5.zory.pl\/index.php?rest_route=\/wp\/v2\/posts\/1086235\/revisions\/1086237"}],"wp:attachment":[{"href":"https:\/\/zsp5.zory.pl\/index.php?rest_route=%2Fwp%2Fv2%2Fmedia&parent=1086235"}],"wp:term":[{"taxonomy":"category","embeddable":true,"href":"https:\/\/zsp5.zory.pl\/index.php?rest_route=%2Fwp%2Fv2%2Fcategories&post=1086235"},{"taxonomy":"post_tag","embeddable":true,"href":"https:\/\/zsp5.zory.pl\/index.php?rest_route=%2Fwp%2Fv2%2Ftags&post=1086235"}],"curies":[{"name":"wp","href":"https:\/\/api.w.org\/{rel}","templated":true}]}}