{"id":1086155,"date":"2025-02-24T19:52:19","date_gmt":"2025-02-24T18:52:19","guid":{"rendered":"https:\/\/zsp5.zory.pl\/?p=1086155"},"modified":"2025-03-03T19:58:08","modified_gmt":"2025-03-03T18:58:08","slug":"luty-z-cukierkiem-ksiazki-z-pazurem-2","status":"publish","type":"post","link":"https:\/\/zsp5.zory.pl\/?p=1086155","title":{"rendered":"&#8222;Luty z Cukierkiem &#8211; Ksi\u0105\u017cki z pazurem&#8221;"},"content":{"rendered":"<div dir=\"auto\">W lutym nasza szko\u0142a wzi\u0119\u0142a udzia\u0142 w og\u00f3lnopolskiej akcji czytelniczej, kt\u00f3rej organizatorem by\u0142o Wydawnictwo \u017bwakowskie.<\/div>\n<div dir=\"auto\">W wydarzeniu wzi\u0119\u0142y udzia\u0142 wszystkie klasy edukacji wczesnoszkolnej. By\u0142a to doskona\u0142a okazja, aby promowa\u0107 czytelnictwo w\u015br\u00f3d najm\u0142odszych. W ramach akcji odby\u0142 si\u0119: konkurs<\/div>\n<div dir=\"auto\">plastyczny &#8211; portret Cukierka, konkurs g\u0142o\u015bnego czytania dla klas II \u2013 III, warsztaty starsi czytaj\u0105 m\u0142odszym.<\/div>\n<div dir=\"auto\">Zapraszamy do obejrzenia fotorelacji.<\/div>\n<div dir=\"auto\">\n<div style=\"width: 1080px;\" class=\"wp-video\"><video class=\"wp-video-shortcode\" id=\"video-1086155-1\" width=\"1080\" height=\"608\" preload=\"metadata\" controls=\"controls\"><source type=\"video\/mp4\" src=\"http:\/\/zsp5.zory.pl\/wp-content\/uploads\/2025\/03\/OGOLNOPOLSKA-AKCJA-CZYTELNICZA-\u201eLUTY-Z-CUKIERKIEM-\u2013-KSIAZKI-Z-PAZUREM-1.mp4?_=1\" \/><a href=\"http:\/\/zsp5.zory.pl\/wp-content\/uploads\/2025\/03\/OGOLNOPOLSKA-AKCJA-CZYTELNICZA-\u201eLUTY-Z-CUKIERKIEM-\u2013-KSIAZKI-Z-PAZUREM-1.mp4\">http:\/\/zsp5.zory.pl\/wp-content\/uploads\/2025\/03\/OGOLNOPOLSKA-AKCJA-CZYTELNICZA-\u201eLUTY-Z-CUKIERKIEM-\u2013-KSIAZKI-Z-PAZUREM-1.mp4<\/a><\/video><\/div>\n<\/div>\n<div dir=\"auto\"><span class=\"html-span xdj266r x11i5rnm xat24cr x1mh8g0r xexx8yu x4uap5 x18d9i69 xkhd6sd x1hl2dhg x16tdsg8 x1vvkbs\"><a class=\"x1i10hfl xjbqb8w x1ejq31n xd10rxx x1sy0etr x17r0tee x972fbf xcfux6l x1qhh985 xm0m39n x9f619 x1ypdohk xt0psk2 xe8uvvx xdj266r x11i5rnm xat24cr x1mh8g0r xexx8yu x4uap5 x18d9i69 xkhd6sd x16tdsg8 x1hl2dhg xggy1nq x1a2a7pz xkrqix3 x1sur9pj x1fey0fg x1s688f\" tabindex=\"0\" role=\"link\" href=\"https:\/\/www.facebook.com\/hashtag\/kotcukierek?__eep__=6&amp;__cft__[0]=AZWur-EiR0UueUU4IK099TQLuCwmJQWeYoiwUGbw8-v_rtkzEIdwDto7Ibr0szGXlttU8KvH5jbNqBRfI7uAtGp0ZVIgX9QN67Yr6lRI3Oq__dSyBEIdOKvo3b89nYCC_iqDnUalxcW6XWcudLIfS0ZQrnt1eZF2XapLJiJm0g6GTb79kxsbGa9hsdFrh5L1FzE&amp;__tn__=*NK-R\">#KotCukierek<\/a><\/span><\/div>\n<div dir=\"auto\"><span class=\"html-span xdj266r x11i5rnm xat24cr x1mh8g0r xexx8yu x4uap5 x18d9i69 xkhd6sd x1hl2dhg x16tdsg8 x1vvkbs\"><a class=\"x1i10hfl xjbqb8w x1ejq31n xd10rxx x1sy0etr x17r0tee x972fbf xcfux6l x1qhh985 xm0m39n x9f619 x1ypdohk xt0psk2 xe8uvvx xdj266r x11i5rnm xat24cr x1mh8g0r xexx8yu x4uap5 x18d9i69 xkhd6sd x16tdsg8 x1hl2dhg xggy1nq x1a2a7pz xkrqix3 x1sur9pj x1fey0fg x1s688f\" tabindex=\"0\" role=\"link\" href=\"https:\/\/www.facebook.com\/hashtag\/lutyzcukierkiemksi%C4%85%C5%BCkizpazurem?__eep__=6&amp;__cft__[0]=AZWur-EiR0UueUU4IK099TQLuCwmJQWeYoiwUGbw8-v_rtkzEIdwDto7Ibr0szGXlttU8KvH5jbNqBRfI7uAtGp0ZVIgX9QN67Yr6lRI3Oq__dSyBEIdOKvo3b89nYCC_iqDnUalxcW6XWcudLIfS0ZQrnt1eZF2XapLJiJm0g6GTb79kxsbGa9hsdFrh5L1FzE&amp;__tn__=*NK-R\">#lutyZcukierkiemKsi\u0105\u017ckiZpazurem<\/a><\/span><\/div>\n","protected":false},"excerpt":{"rendered":"<p>W lutym nasza szko\u0142a wzi\u0119\u0142a udzia\u0142 w og\u00f3lnopolskiej akcji czytelniczej, kt\u00f3rej organizatorem by\u0142o Wydawnictwo \u017bwakowskie. W wydarzeniu wzi\u0119\u0142y udzia\u0142 wszystkie klasy edukacji wczesnoszkolnej. By\u0142a to doskona\u0142a okazja, aby promowa\u0107 czytelnictwo w\u015br\u00f3d najm\u0142odszych. W ramach akcji odby\u0142 si\u0119: konkurs plastyczny &#8211; portret Cukierka, konkurs g\u0142o\u015bnego czytania dla klas II \u2013 III, warsztaty starsi czytaj\u0105 m\u0142odszym. Zapraszamy [&hellip;]<\/p>\n","protected":false},"author":11,"featured_media":0,"comment_status":"closed","ping_status":"open","sticky":false,"template":"","format":"standard","meta":{"_et_pb_use_builder":"","_et_pb_old_content":"","_et_gb_content_width":"","footnotes":""},"categories":[2,217],"tags":[541],"class_list":["post-1086155","post","type-post","status-publish","format-standard","hentry","category-aktualnosci","category-biblioteka_blog","tag-luty-z-cukierkiem"],"_links":{"self":[{"href":"https:\/\/zsp5.zory.pl\/index.php?rest_route=\/wp\/v2\/posts\/1086155","targetHints":{"allow":["GET"]}}],"collection":[{"href":"https:\/\/zsp5.zory.pl\/index.php?rest_route=\/wp\/v2\/posts"}],"about":[{"href":"https:\/\/zsp5.zory.pl\/index.php?rest_route=\/wp\/v2\/types\/post"}],"author":[{"embeddable":true,"href":"https:\/\/zsp5.zory.pl\/index.php?rest_route=\/wp\/v2\/users\/11"}],"replies":[{"embeddable":true,"href":"https:\/\/zsp5.zory.pl\/index.php?rest_route=%2Fwp%2Fv2%2Fcomments&post=1086155"}],"version-history":[{"count":1,"href":"https:\/\/zsp5.zory.pl\/index.php?rest_route=\/wp\/v2\/posts\/1086155\/revisions"}],"predecessor-version":[{"id":1086157,"href":"https:\/\/zsp5.zory.pl\/index.php?rest_route=\/wp\/v2\/posts\/1086155\/revisions\/1086157"}],"wp:attachment":[{"href":"https:\/\/zsp5.zory.pl\/index.php?rest_route=%2Fwp%2Fv2%2Fmedia&parent=1086155"}],"wp:term":[{"taxonomy":"category","embeddable":true,"href":"https:\/\/zsp5.zory.pl\/index.php?rest_route=%2Fwp%2Fv2%2Fcategories&post=1086155"},{"taxonomy":"post_tag","embeddable":true,"href":"https:\/\/zsp5.zory.pl\/index.php?rest_route=%2Fwp%2Fv2%2Ftags&post=1086155"}],"curies":[{"name":"wp","href":"https:\/\/api.w.org\/{rel}","templated":true}]}}