{"id":1086150,"date":"2025-03-03T18:46:54","date_gmt":"2025-03-03T17:46:54","guid":{"rendered":"https:\/\/zsp5.zory.pl\/?p=1086150"},"modified":"2025-03-03T18:46:54","modified_gmt":"2025-03-03T17:46:54","slug":"cicha-przerwa","status":"publish","type":"post","link":"https:\/\/zsp5.zory.pl\/?p=1086150","title":{"rendered":"Cicha Przerwa"},"content":{"rendered":"<p>W lutym uczniowie mieli wyj\u0105tkow\u0105 okazj\u0119, by sp\u0119dza\u0107 przerwy w atmosferze spokoju i wyciszenia. Specjalnie przygotowana przestrze\u0144 pozwala\u0142a odpocz\u0105\u0107 od zgie\u0142ku szkolnych korytarzy, a relaksuj\u0105ca muzyka tworzy\u0142a harmonijn\u0105 aur\u0119 sprzyjaj\u0105c\u0105 chwilom wytchnienia. By\u0142 to czas, w kt\u00f3rym ka\u017cdy m\u00f3g\u0142 na moment zwolni\u0107, zregenerowa\u0107 si\u0142y i nabra\u0107 energii do dalszej nauki.<\/p>\n<div style=\"width: 1080px;\" class=\"wp-video\"><video class=\"wp-video-shortcode\" id=\"video-1086150-1\" width=\"1080\" height=\"608\" preload=\"metadata\" controls=\"controls\"><source type=\"video\/mp4\" src=\"http:\/\/zsp5.zory.pl\/wp-content\/uploads\/2025\/03\/CICHA-PRZERWA.mp4?_=1\" \/><a href=\"http:\/\/zsp5.zory.pl\/wp-content\/uploads\/2025\/03\/CICHA-PRZERWA.mp4\">http:\/\/zsp5.zory.pl\/wp-content\/uploads\/2025\/03\/CICHA-PRZERWA.mp4<\/a><\/video><\/div>\n<p>Cicha Przerwa- prezentacja<\/p>\n<p>&nbsp;<\/p>\n","protected":false},"excerpt":{"rendered":"<p>W lutym uczniowie mieli wyj\u0105tkow\u0105 okazj\u0119, by sp\u0119dza\u0107 przerwy w atmosferze spokoju i wyciszenia. Specjalnie przygotowana przestrze\u0144 pozwala\u0142a odpocz\u0105\u0107 od zgie\u0142ku szkolnych korytarzy, a relaksuj\u0105ca muzyka tworzy\u0142a harmonijn\u0105 aur\u0119 sprzyjaj\u0105c\u0105 chwilom wytchnienia. By\u0142 to czas, w kt\u00f3rym ka\u017cdy m\u00f3g\u0142 na moment zwolni\u0107, zregenerowa\u0107 si\u0142y i nabra\u0107 energii do dalszej nauki. Cicha Przerwa- prezentacja &nbsp;<\/p>\n","protected":false},"author":13,"featured_media":0,"comment_status":"closed","ping_status":"open","sticky":false,"template":"","format":"standard","meta":{"_et_pb_use_builder":"","_et_pb_old_content":"","_et_gb_content_width":"","footnotes":""},"categories":[186],"tags":[540,228],"class_list":["post-1086150","post","type-post","status-publish","format-standard","hentry","category-samorzad-uczniowski","tag-cicha-przerwa","tag-su"],"_links":{"self":[{"href":"https:\/\/zsp5.zory.pl\/index.php?rest_route=\/wp\/v2\/posts\/1086150","targetHints":{"allow":["GET"]}}],"collection":[{"href":"https:\/\/zsp5.zory.pl\/index.php?rest_route=\/wp\/v2\/posts"}],"about":[{"href":"https:\/\/zsp5.zory.pl\/index.php?rest_route=\/wp\/v2\/types\/post"}],"author":[{"embeddable":true,"href":"https:\/\/zsp5.zory.pl\/index.php?rest_route=\/wp\/v2\/users\/13"}],"replies":[{"embeddable":true,"href":"https:\/\/zsp5.zory.pl\/index.php?rest_route=%2Fwp%2Fv2%2Fcomments&post=1086150"}],"version-history":[{"count":1,"href":"https:\/\/zsp5.zory.pl\/index.php?rest_route=\/wp\/v2\/posts\/1086150\/revisions"}],"predecessor-version":[{"id":1086152,"href":"https:\/\/zsp5.zory.pl\/index.php?rest_route=\/wp\/v2\/posts\/1086150\/revisions\/1086152"}],"wp:attachment":[{"href":"https:\/\/zsp5.zory.pl\/index.php?rest_route=%2Fwp%2Fv2%2Fmedia&parent=1086150"}],"wp:term":[{"taxonomy":"category","embeddable":true,"href":"https:\/\/zsp5.zory.pl\/index.php?rest_route=%2Fwp%2Fv2%2Fcategories&post=1086150"},{"taxonomy":"post_tag","embeddable":true,"href":"https:\/\/zsp5.zory.pl\/index.php?rest_route=%2Fwp%2Fv2%2Ftags&post=1086150"}],"curies":[{"name":"wp","href":"https:\/\/api.w.org\/{rel}","templated":true}]}}