{"id":1086135,"date":"2025-02-25T22:15:48","date_gmt":"2025-02-25T21:15:48","guid":{"rendered":"https:\/\/zsp5.zory.pl\/?p=1086135"},"modified":"2025-05-08T22:33:35","modified_gmt":"2025-05-08T20:33:35","slug":"zapraszamy-na-dzien-otwarty-w-szkole-podstawowej-nr-5-w-zorach","status":"publish","type":"post","link":"https:\/\/zsp5.zory.pl\/?p=1086135","title":{"rendered":"Zapraszamy na Dzie\u0144 Otwarty w Szkole Podstawowej nr 5 w \u017borach"},"content":{"rendered":"<div dir=\"auto\">\n<div class=\"xdj266r x11i5rnm xat24cr x1mh8g0r x1vvkbs x126k92a\">\n<div dir=\"auto\"><span style=\"color: #000000;\">Ju\u017c 6 marca 2025 r. otwieramy drzwi naszej szko\u0142y dla przysz\u0142ych uczni\u00f3w i ich rodzic\u00f3w!\u00a0<\/span><\/div>\n<div dir=\"auto\"><span style=\"color: #000000;\">Zobacz, co czyni SP 5 w \u017borach wyj\u0105tkowym miejscem do nauki i rozwoju. Zobacz jak NASZA SZKO\u0141A USKRZYDLA!<\/span><\/div>\n<div dir=\"auto\"><span style=\"color: #000000;\">Obejrzyj nasz film promocyjny i przekonaj si\u0119, dlaczego warto do nas do\u0142\u0105czy\u0107! Film znajdziesz na:\u00a0<a href=\"https:\/\/www.facebook.com\/profile.php?id=100085906780262\">https:\/\/www.facebook.com\/profile.php?id=100085906780262<\/a> <\/span><\/div>\n<\/div>\n<div class=\"x11i5rnm xat24cr x1mh8g0r x1vvkbs xtlvy1s x126k92a\">\n<div dir=\"auto\"><span style=\"color: #000000;\">Data: 06.03.2025 r.<\/span><\/div>\n<div dir=\"auto\"><span style=\"color: #000000;\">Godzina: 14:30-16:30<\/span><\/div>\n<div dir=\"auto\"><span style=\"color: #000000;\">Miejsce: Szko\u0142a Podstawowa nr 5 w \u017borach<\/span><\/div>\n<div dir=\"auto\"><span style=\"color: #000000;\">Plakat informuj\u0105cy o wydarzeniu znajdziesz:<\/span><\/div>\n<\/div>\n<div dir=\"auto\"><a href=\"https:\/\/www.facebook.com\/photo?fbid=595124180027803&amp;set=a.109384621935097\">https:\/\/www.facebook.com\/photo?fbid=595124180027803&amp;set=a.109384621935097<\/a><\/div>\n<div class=\"x11i5rnm xat24cr x1mh8g0r x1vvkbs xtlvy1s x126k92a\">\n<div dir=\"auto\"><\/div>\n<\/div>\n<\/div>\n<div id=\"attachment_1086136\" style=\"width: 950px\" class=\"wp-caption alignnone\"><img loading=\"lazy\" decoding=\"async\" aria-describedby=\"caption-attachment-1086136\" class=\"size-full wp-image-1086136\" src=\"http:\/\/zsp5.zory.pl\/wp-content\/uploads\/2025\/02\/plakat-informujacy-o-Dniu-Otwartym-w-szkole.jpg\" alt=\"Plakat informuj\u0105cy o Dniu otwartym w Szkole Podstawowej nr 5 w \u017borach\" width=\"940\" height=\"788\" srcset=\"http:\/\/zsp5.zory.pl\/wp-content\/uploads\/2025\/02\/plakat-informujacy-o-Dniu-Otwartym-w-szkole.jpg 940w, http:\/\/zsp5.zory.pl\/wp-content\/uploads\/2025\/02\/plakat-informujacy-o-Dniu-Otwartym-w-szkole-480x402.jpg 480w\" sizes=\"(min-width: 0px) and (max-width: 480px) 480px, (min-width: 481px) 940px, 100vw\" \/><p id=\"caption-attachment-1086136\" class=\"wp-caption-text\"><span style=\"color: #000000;\">Plakat informuj\u0105cy o Dniu otwartym w Szkole Podstawowej nr 5 w \u017borach<\/span><\/p><\/div>\n<div dir=\"auto\"><\/div>\n","protected":false},"excerpt":{"rendered":"<p>Ju\u017c 6 marca 2025 r. otwieramy drzwi naszej szko\u0142y dla przysz\u0142ych uczni\u00f3w i ich rodzic\u00f3w!\u00a0 Zobacz, co czyni SP 5 w \u017borach wyj\u0105tkowym miejscem do nauki i rozwoju. Zobacz jak NASZA SZKO\u0141A USKRZYDLA! Obejrzyj nasz film promocyjny i przekonaj si\u0119, dlaczego warto do nas do\u0142\u0105czy\u0107! Film znajdziesz na:\u00a0https:\/\/www.facebook.com\/profile.php?id=100085906780262 Data: 06.03.2025 r. Godzina: 14:30-16:30 Miejsce: Szko\u0142a [&hellip;]<\/p>\n","protected":false},"author":11,"featured_media":0,"comment_status":"closed","ping_status":"open","sticky":false,"template":"","format":"standard","meta":{"_et_pb_use_builder":"","_et_pb_old_content":"","_et_gb_content_width":"","footnotes":""},"categories":[2,4,181,267],"tags":[],"class_list":["post-1086135","post","type-post","status-publish","format-standard","hentry","category-aktualnosci","category-grupy_aktualnosci","category-info-dla-rodzicow_sp5","category-przedszkole-nr-12"],"_links":{"self":[{"href":"https:\/\/zsp5.zory.pl\/index.php?rest_route=\/wp\/v2\/posts\/1086135","targetHints":{"allow":["GET"]}}],"collection":[{"href":"https:\/\/zsp5.zory.pl\/index.php?rest_route=\/wp\/v2\/posts"}],"about":[{"href":"https:\/\/zsp5.zory.pl\/index.php?rest_route=\/wp\/v2\/types\/post"}],"author":[{"embeddable":true,"href":"https:\/\/zsp5.zory.pl\/index.php?rest_route=\/wp\/v2\/users\/11"}],"replies":[{"embeddable":true,"href":"https:\/\/zsp5.zory.pl\/index.php?rest_route=%2Fwp%2Fv2%2Fcomments&post=1086135"}],"version-history":[{"count":5,"href":"https:\/\/zsp5.zory.pl\/index.php?rest_route=\/wp\/v2\/posts\/1086135\/revisions"}],"predecessor-version":[{"id":1086142,"href":"https:\/\/zsp5.zory.pl\/index.php?rest_route=\/wp\/v2\/posts\/1086135\/revisions\/1086142"}],"wp:attachment":[{"href":"https:\/\/zsp5.zory.pl\/index.php?rest_route=%2Fwp%2Fv2%2Fmedia&parent=1086135"}],"wp:term":[{"taxonomy":"category","embeddable":true,"href":"https:\/\/zsp5.zory.pl\/index.php?rest_route=%2Fwp%2Fv2%2Fcategories&post=1086135"},{"taxonomy":"post_tag","embeddable":true,"href":"https:\/\/zsp5.zory.pl\/index.php?rest_route=%2Fwp%2Fv2%2Ftags&post=1086135"}],"curies":[{"name":"wp","href":"https:\/\/api.w.org\/{rel}","templated":true}]}}