{"id":1086126,"date":"2025-02-19T11:42:04","date_gmt":"2025-02-19T10:42:04","guid":{"rendered":"https:\/\/zsp5.zory.pl\/?p=1086126"},"modified":"2025-02-19T18:41:13","modified_gmt":"2025-02-19T17:41:13","slug":"zasady-rekrutacji-do-samorzadowych-przedszkoli-na-rok-szkolny-2025-2026-dla-ktorych-organem-prowadzacym-jest-miasto-zory","status":"publish","type":"post","link":"https:\/\/zsp5.zory.pl\/?p=1086126","title":{"rendered":"Zasady rekrutacji do samorz\u0105dowych przedszkoli na rok szkolny 2025\/2026, dla kt\u00f3rych organem prowadz\u0105cym jest Miasto \u017bory"},"content":{"rendered":"<p class=\"has-medium-font-size\"><strong>Szanowni Rodzice!<\/strong><\/p>\n<p>Je\u017celi podj\u0119li\u015bcie Pa\u0144stwo decyzj\u0119, aby od 1 wrze\u015bnia 2025 roku Wasze dziecko rozpocz\u0119\u0142o edukacj\u0119 w jednym z przedszkoli prowadzonych przez Miasto \u017bory, warto zapozna\u0107 si\u0119 z zasadami tegorocznego naboru, kt\u00f3ry podobnie jak w latach ubieg\u0142ych zostanie przeprowadzony przy pomocy systemu elektronicznego. Chc\u0105c u\u0142atwi\u0107 Pa\u0144stwu proces zapisu dziecka do przedszkola przedstawiamy zasady rekrutacji \u201ekrok po kroku\u201d.<\/p>\n<p><mark class=\"has-inline-color has-black-color\"><strong>Kontynuacja edukacji przedszkolnej<\/strong>\u00a0<strong>w dotychczasowym przedszkolu<\/strong><\/mark>\u00a0odbywa si\u0119 na podstawie deklaracji Rodzic\u00f3w o zamiarze dalszego ucz\u0119szczania dziecka do danego przedszkola, z\u0142o\u017conej w terminie\u00a0<strong><mark class=\"has-inline-color has-vivid-red-color\">od 10.02.2025 r. godz. 8:00 \u00a0do 21.02.2025 r. godz. 15:00<\/mark><\/strong><\/p>\n<p><strong><mark class=\"has-inline-color has-black-color\">Rekrutacja do przedszkoli na rok szkolny 2025\/2026<\/mark><\/strong>\u00a0odbywa si\u0119 na zasadach, kt\u00f3re zosta\u0142y okre\u015blne w rozdziale 6 ustawy z dnia 14 grudnia 2016 r. Prawo o\u015bwiatowe (Dz. U. z 2024 r. poz. 737 t.j. ze zm.) oraz w Zarz\u0105dzeniu Prezydenta Miasta \u017bory OR.0050.142.2025 z dnia 29.01.2025 r.<\/p>\n<p><strong><mark class=\"has-inline-color has-black-color\">Rodzic\u00f3w, kt\u00f3rzy chc\u0105 po raz pierwszy zapisa\u0107 swoje dziecko do publicznego przedszkola w \u017borach<\/mark><\/strong>\u00a0lub zmieni\u0107 przedszkole swojemu dziecku, informujemy, \u017ce szczeg\u00f3\u0142owe informacje, poradniki, dane adresowe wraz z ofert\u0105 przedszkoli, wa\u017cne terminy, a tak\u017ce kryteria obowi\u0105zuj\u0105ce przy przyjmowaniu dzieci do przedszkoli dost\u0119pne b\u0119d\u0105\u00a0<strong><mark class=\"has-inline-color has-vivid-red-color\">od 3 marca br.<\/mark><\/strong>\u00a0na portalu dla rodzic\u00f3w\u00a0<strong><a href=\"https:\/\/naborp-kandydat.vulcan.net.pl\/zory\">https:\/\/naborp-kandydat.vulcan.net.pl\/zory<\/a><\/strong><\/p>\n<p class=\"has-medium-font-size\"><strong><em>ZASADY OG\u00d3LNE<\/em><\/strong><\/p>\n<ol class=\"wp-block-list\" start=\"1\">\n<li><strong><mark class=\"has-inline-color has-black-color\">Rekrutacja do przedszkoli skierowana jest do dzieci mieszkaj\u0105cych na terenie Miasta \u017bory.<\/mark><\/strong><\/li>\n<li>Post\u0119powanie rekrutacyjne dla dzieci zapisywanych po raz pierwszy\u00a0do przedszkola prowadzone jest w formie elektronicznej i odbywa si\u0119 wy\u0142\u0105cznie\u00a0<strong><mark class=\"has-inline-color has-black-color\">na wolne miejsca.<\/mark><\/strong><\/li>\n<li>W post\u0119powaniu rekrutacyjnym bior\u0105 udzia\u0142 dzieci w wieku od 3 do 6 lat.<\/li>\n<li>Rodzice mog\u0105 sk\u0142ada\u0107 wniosek o przyj\u0119cie\u00a0<strong><mark class=\"has-inline-color has-black-color\">do 3 wybranych przedszkoli.<\/mark><\/strong><\/li>\n<li>Rodzice uk\u0142adaj\u0105 list\u0119 wybranych przedszkoli wed\u0142ug swoich preferencji w porz\u0105dku od najbardziej do najmniej preferowanej (max 3). Przedszkole umieszczone na li\u015bcie preferencji na pierwszej pozycji nazywane jest przedszkolem pierwszego wyboru.<\/li>\n<li>Przydzia\u0142 dzieci do konkretnych oddzia\u0142\u00f3w w przedszkolach nast\u0105pi po zako\u0144czeniu post\u0119powania rekrutacyjnego.<\/li>\n<li>Organizacja grup przedszkolnych (jednorodnych lub mieszanych) uzale\u017cniona jest od liczby i wieku dzieci kontynuuj\u0105cych edukacj\u0119 przedszkoln\u0105 i przyj\u0119tych w rekrutacji do danego przedszkola.<\/li>\n<\/ol>\n<p class=\"has-text-align-center has-medium-font-size\"><strong><em>REKRUTACJA KROK PO KROKU<\/em><\/strong><\/p>\n<p class=\"has-medium-font-size\"><strong><em><mark class=\"has-inline-color has-black-color\">Krok 1 \u2013 Wyb\u00f3r przedszkola<\/mark><\/em><\/strong><\/p>\n<p>Przed wyborem przedszkola warto dok\u0142adnie zapozna\u0107 si\u0119 z ofert\u0105 wszystkich \u017corskich plac\u00f3wek przedszkolnych oraz warunkami organizacyjnymi. Szczeg\u00f3\u0142owe informacje o przedszkolach b\u0119dzie mo\u017cna znale\u017a\u0107 w ofercie przedszkola od 18 marca br. na stronie\u00a0<strong>https:\/\/naborp-kandydat.vulcan.net.pl\/zory<\/strong>\u00a0oraz na stronach internetowych przedszkoli.<\/p>\n<p class=\"has-text-align-left has-medium-font-size\"><strong><em><mark class=\"has-inline-color has-black-color\">Krok 2 \u2013 Wype\u0142nienie \u201dWniosku o przyj\u0119cie dziecka do przedszkola\u201d<\/mark><\/em><\/strong><\/p>\n<p class=\"has-text-align-center has-medium-font-size\"><strong><em><mark class=\"has-inline-color has-vivid-red-color\">03.03.2025 godz. 8:00 \u2013 17.03.2025 godz. 15:00<\/mark><\/em><\/strong><\/p>\n<p>Wniosek o przyj\u0119cie dziecka do przedszkola mo\u017cna wype\u0142ni\u0107 na dwa sposoby:<\/p>\n<ol class=\"wp-block-list\" start=\"1\">\n<li>elektronicznie na stronie internetowej:\u00a0<mark class=\"has-inline-color has-vivid-cyan-blue-color\"><strong>https:\/\/naborp-kandydat.vulcan.net.pl\/zory<\/strong>,<\/mark><\/li>\n<li>w formie papierowej (formularze dost\u0119pne w przedszkolach).<\/li>\n<\/ol>\n<p>Wype\u0142niony wniosek:<\/p>\n<ul class=\"wp-block-list\">\n<li>podpisuj\u0105 oboje rodzice\/opiekunowie dziecka,<\/li>\n<li>podpisy z\u0142o\u017cone we wniosku s\u0105 potwierdzeniem zgodno\u015bci ze\u00a0<strong><mark class=\"has-inline-color has-black-color\">stanem faktycznym\u00a0<\/mark><\/strong>informacji zawartych we wniosku.<\/li>\n<\/ul>\n<p><strong><mark class=\"has-inline-color has-vivid-red-color\">Uwaga!<\/mark><br \/>\n<mark class=\"has-inline-color has-vivid-red-color\">Wype\u0142nienie wniosku na stronie internetowej bez jego wydrukowania, podpisania i dostarczenia do przedszkola pierwszego wyboru nie jest zg\u0142oszeniem \u2013 takie dziecko nie bierze udzia\u0142u w procesie rekrutacji.<\/mark><\/strong><\/p>\n<p class=\"has-text-align-left has-medium-font-size\"><strong><em><mark class=\"has-inline-color has-black-color\">Krok 3 \u2013 Potwierdzanie wniosku w przedszkolu pierwszego wyboru<\/mark><\/em><\/strong><\/p>\n<p class=\"has-text-align-center has-medium-font-size\"><strong><em><mark class=\"has-inline-color has-vivid-red-color\">03.03.2025 godz. 8:00 \u2013 17.03.2025 godz. 15:00<\/mark><\/em><\/strong><\/p>\n<ol class=\"wp-block-list\" start=\"1\">\n<li>Aby wzi\u0105\u0107 udzia\u0142 w rekrutacji, rodzic zobowi\u0105zany jest do z\u0142o\u017cenia wydrukowanego wniosku o przyj\u0119cie dziecka w przedszkolu pierwszego wyboru oraz przed\u0142o\u017cenia wymaganych dokument\u00f3w lub o\u015bwiadcze\u0144 potwierdzaj\u0105cych spe\u0142nianie kryteri\u00f3w zaznaczonych przy sk\u0142adaniu wniosku.<\/li>\n<li>Je\u015bli rodzic wype\u0142ni\u0142 wniosek za po\u015brednictwem strony internetowej, to zostanie on zapisany w systemie, ale zarejestrowany dopiero w momencie, gdy prawid\u0142owo wype\u0142niony dokument<mark class=\"has-inline-color has-vivid-red-color\">\u00a0<strong><u>zostanie wydrukowany, podpisany i dostarczony do przedszkola pierwszego wyboru.<\/u><\/strong><\/mark><\/li>\n<li>Je\u017celi rodzic wype\u0142ni\u0142 wniosek w wersji papierowej, jest on zobowi\u0105zany dostarczy\u0107 go osobi\u015bcie do przedszkola pierwszego wyboru. Przeszkolony pracownik przedszkola wprowadzi do systemu elektronicznego wszystkie dane zawarte w z\u0142o\u017conym wniosku i nada numer PIN.<\/li>\n<li>Dane wprowadzone do systemu przez przedszkole pierwszego wyboru przekazywane s\u0105 w formie elektronicznej do jednostek z drugiej lub trzeciej preferencji.<\/li>\n<\/ol>\n<p><strong><mark class=\"has-inline-color has-vivid-red-color\">Wa\u017cne, aby wniosek by\u0142 kompletny i z\u0142o\u017cony w terminie, przy czym\u00a0<u>kolejno\u015b\u0107 sk\u0142adania nie wp\u0142ywa na wynik rekrutacji.<\/u><\/mark><\/strong><\/p>\n<p class=\"has-text-align-left has-medium-font-size\"><strong><em><mark class=\"has-inline-color has-black-color\">Krok 4 \u2013 Weryfikacja dokument\u00f3w potwierdzaj\u0105cych spe\u0142nianie kryteri\u00f3w kwalifikacyjnych zg\u0142oszonych przy rejestrowaniu wniosku w przedszkolu<\/mark><\/em><\/strong><\/p>\n<ol class=\"wp-block-list\" start=\"1\">\n<li>Do wniosku rodzice do\u0142\u0105czaj\u0105 dokumenty\/o\u015bwiadczenia potwierdzaj\u0105ce spe\u0142nianie kryteri\u00f3w.<\/li>\n<li>Za sprawdzenie i potwierdzenie zgodno\u015bci informacji zawartych we wniosku<br \/>\nz informacjami w systemie informatycznym oraz wydanie rodzicom potwierdzenia przyj\u0119cia wniosku odpowiedzialny jest dyrektor przedszkola pierwszego wyboru.<\/li>\n<li>Rodzice, kt\u00f3rzy posiadaj\u0105 indywidualny PIN, mog\u0105 sprawdza\u0107 wyniki rekrutacji<br \/>\nw Internecie.<\/li>\n<\/ol>\n<p class=\"has-medium-font-size\"><strong><em><mark class=\"has-inline-color has-black-color\">Krok 5 \u2013 Post\u0119powanie rekrutacyjne \u2013 praca komisji rekrutacyjnej<\/mark><\/em><\/strong><\/p>\n<p class=\"has-text-align-center has-medium-font-size\"><strong><em><mark class=\"has-inline-color has-vivid-red-color\">03.03.2025\u00a0 \u2013 19.03.2025<\/mark><\/em><\/strong><\/p>\n<ol class=\"wp-block-list\" start=\"1\">\n<li>Post\u0119powanie rekrutacyjne przeprowadza komisja rekrutacyjna powo\u0142ana przez dyrektora przedszkola. Dyrektor wyznacza sk\u0142ad komisji oraz jej przewodnicz\u0105cego.<\/li>\n<li>Komisja rekrutacyjna rozpatruje wniosek w ka\u017cdym przedszkolu wskazanym na li\u015bcie preferencji.<\/li>\n<li>Post\u0119powanie rekrutacyjne prowadzone jest w terminach okre\u015blonych w harmonogramie.<\/li>\n<li>W przypadku, gdy liczba kandydat\u00f3w zamieszka\u0142ych na terenie Miasta \u017bory przekracza liczb\u0119 wolnych miejsc, komisja rekrutacyjna, po weryfikacji wniosk\u00f3w, ustala kolejno\u015b\u0107 przyj\u0119\u0107 na podstawie spe\u0142nianych przez kandydata kryteri\u00f3w.<\/li>\n<li>W przypadku braku potwierdzenia okoliczno\u015bci zawartych w o\u015bwiadczeniu, komisja rekrutacyjna, rozpatruj\u0105c wniosek, nie uwzgl\u0119dnia kryterium, kt\u00f3re nie zosta\u0142o potwierdzone.<\/li>\n<\/ol>\n<p class=\"has-medium-font-size\"><strong><em><mark class=\"has-inline-color has-black-color\">Krok 6 \u2013 Publikacja listy kandydat\u00f3w zakwalifikowanych na podstawie kryteri\u00f3w<\/mark><\/em><\/strong><\/p>\n<p class=\"has-text-align-center has-medium-font-size\"><strong><em><mark class=\"has-inline-color has-vivid-red-color\">03.04.2025 godz. 8:00<\/mark><\/em><\/strong><\/p>\n<ol class=\"wp-block-list\" start=\"1\">\n<li>W przypadku, gdy liczba miejsc przewy\u017csza liczb\u0119 kandydat\u00f3w zobowi\u0105zanych do odbywania rocznego przygotowania przedszkolnego, komisja rekrutacyjna ustala kolejno\u015b\u0107 przyjmowania tych dzieci na podstawie pozosta\u0142ych kryteri\u00f3w kwalifikacyjnych.<\/li>\n<li>Komisja rekrutacyjna w pierwszej kolejno\u015bci bierze pod uwag\u0119 kryteria okre\u015blone w Prawie o\u015bwiatowym tzw. kryteria ustawowe, kt\u00f3re maj\u0105 jednakow\u0105 warto\u015b\u0107.<\/li>\n<li>Komisja rekrutacyjna podaje do publicznej wiadomo\u015bci wyniki post\u0119powania rekrutacyjnego w formie listy dzieci zakwalifikowanych i niezakwalifikowanych do przyj\u0119cia.<\/li>\n<\/ol>\n<p class=\"has-medium-font-size\"><strong><em><mark class=\"has-inline-color has-black-color\">Krok 7 \u2013 Potwierdzenie przez rodzic\u00f3w woli przyj\u0119cia dziecka do danego przedszkola oraz publikacja list kandydat\u00f3w przyj\u0119tych<\/mark><\/em><\/strong><\/p>\n<p class=\"has-text-align-center has-medium-font-size\"><strong><em><mark class=\"has-inline-color has-vivid-red-color\">03.04.2025 godz. 8:00 \u2013 10.04.2024 godz. 15:00<\/mark><\/em><\/strong><\/p>\n<p>Rodzice dzieci zakwalifikowanych do przyj\u0119cia sk\u0142adaj\u0105 pisemne potwierdzenie woli zapisu w przedszkolu.\u00a0<strong><mark class=\"has-inline-color has-vivid-red-color\">Brak potwierdzenia woli ucz\u0119szczania dziecka do przedszkola w ustalonym w harmonogramie terminie jest r\u00f3wnoznaczne z rezygnacj\u0105 z miejsca w przedszkolu.<\/mark><\/strong><\/p>\n<p class=\"has-text-align-center has-medium-font-size\"><strong><em><mark class=\"has-inline-color has-vivid-red-color\">15.04.2025 godz. 8:00<\/mark><\/em><\/strong><\/p>\n<p>Przewodnicz\u0105cy komisji rekrutacyjnej podaje do publicznej wiadomo\u015bci uszeregowan\u0105 list\u0119 kandydat\u00f3w przyj\u0119tych i nieprzyj\u0119tych oraz informacj\u0119 o liczbie miejsc wolnych.<\/p>\n<p class=\"has-medium-font-size\"><strong><em><mark class=\"has-inline-color has-black-color\">Krok 8 \u2013 Procedura odwo\u0142awcza<\/mark><\/em><\/strong><\/p>\n<p>Rodzice dzieci, kt\u00f3re nie zosta\u0142y przyj\u0119te mog\u0105:<\/p>\n<ol class=\"wp-block-list\" start=\"1\">\n<li>wnioskowa\u0107 do\u00a0<strong><u><mark class=\"has-inline-color has-vivid-red-color\">komisji rekrutacyjnej<\/mark><\/u><\/strong>\u00a0o sporz\u0105dzenie uzasadnienia odmowy przyj\u0119cia dziecka do danego przedszkola w terminie 3 dni od dnia podania do publicznej wiadomo\u015bci listy dzieci przyj\u0119tych i nieprzyj\u0119tych,<\/li>\n<li>wnie\u015b\u0107 do\u00a0<strong><u><mark class=\"has-inline-color has-vivid-red-color\">dyrektora przedszkola<\/mark><\/u><\/strong>\u00a0odwo\u0142anie od rozstrzygni\u0119cia komisji rekrutacyjnej w terminie 3 dni od dnia otrzymania uzasadnienia odmowy,<\/li>\n<li>z\u0142o\u017cy\u0107 do s\u0105du administracyjnego skarg\u0119 na rozstrzygni\u0119cie dyrektora danego przedszkola po wyczerpaniu innych mo\u017cliwo\u015bci okre\u015blonych ustaw\u0105 rekrutacyjn\u0105.<\/li>\n<\/ol>\n<p class=\"has-medium-font-size\"><strong><em><mark class=\"has-inline-color has-black-color\">Krok 9 \u2013 Post\u0119powanie uzupe\u0142niaj\u0105ce i informator o wolnych miejscach w przedszkolach<\/mark><\/em><\/strong><\/p>\n<ol class=\"wp-block-list\" start=\"1\">\n<li>Je\u017celi po przeprowadzeniu post\u0119powaniu rekrutacyjnego publiczne przedszkole nadal dysponuje wolnymi miejscami, dyrektor przedszkola przeprowadza\u00a0<strong><mark class=\"has-inline-color has-black-color\">post\u0119powanie uzupe\u0142niaj\u0105ce.<\/mark><\/strong><\/li>\n<li>W post\u0119powaniu uzupe\u0142niaj\u0105cym rodzice, kt\u00f3rych dzieci nie zosta\u0142y przyj\u0119te<br \/>\ndo \u017cadnego z wybranych przedszkoli lub przyj\u0119ci do przedszkola drugiego<br \/>\nlub trzeciego wyboru, mog\u0105 z\u0142o\u017cy\u0107 wniosek o przyj\u0119cie do przedszkola dysponuj\u0105cego wolnymi miejscami.<\/li>\n<li>Informacje o wolnych miejscach rodzice mog\u0105 uzyska\u0107 w poszczeg\u00f3lnych przedszkolach oraz w Wydziale Edukacji Urz\u0119du Miasta \u017bory.<\/li>\n<li>W przypadku nieprzyj\u0119cia dziecka zobowi\u0105zanego do odbywania rocznego przygotowania przedszkolnego dyrektor przedszkola informuje o tym fakcie Prezydenta Miasta \u017bory. W tym przypadku Prezydent pisemnie wskazuje rodzicom inne przedszkole, kt\u00f3re mo\u017ce przyj\u0105\u0107 dziecko.<\/li>\n<\/ol>\n<p class=\"has-medium-font-size\"><strong><mark class=\"has-inline-color has-black-color\">UWAGA:<\/mark><\/strong><\/p>\n<p>We wniosku o przyj\u0119cie kandydata w pytaniu b\u0119d\u0105cym kryterium dodatkowym (gminnym):\u00a0<em>\u201eKandydat, dla kt\u00f3rego przedszkole pierwszego wyboru jest przedszkolem znajduj\u0105cym si\u0119 w obwodzie szko\u0142y podstawowej\u00a0<mark class=\"has-inline-color has-black-color\"><strong>w\u0142a\u015bciwej ze wzgl\u0119du na miejsce zamieszkania kandydata\u201d<\/strong>,\u00a0<\/mark>\u00a0<\/em>w celu u\u0142atwieniu Pa\u0144stwu odpowiedzi na to pytanie, poni\u017cej zosta\u0142a za\u0142\u0105czona tabela z obwodami szk\u00f3\u0142 podstawowych i przyporz\u0105dkowanymi do nich przedszkolami.<\/p>\n<p><strong><mark class=\"has-inline-color has-black-color\">Przyk\u0142ad nr 1:<\/mark><\/strong>\u00a0je\u015bli kandydat (dziecko) zamieszkuje na os. 700-lecia w \u017borach \u2013 to zamieszkuje on w obwodzie Szko\u0142y Podstawowej nr 3. W przypadku kandydowania do Przedszkola nr 5 \u2013 otrzyma w zwi\u0105zku z tym dodatkowe punkty.<\/p>\n<p><mark class=\"has-inline-color has-black-color\"><strong>Przyk\u0142ad nr 2:<\/strong><\/mark>\u00a0je\u015bli kandydat (dziecko) zamieszkuje przy ul. Wysokiej w \u017borach \u2013 to zamieszkuje on w obwodzie Szko\u0142y Podstawowej nr 8 (ZSP 8). W przypadku kandydowania do Przedszkola nr 8 (ZSP 8) \u2013 otrzyma w zwi\u0105zku z tym dodatkowe punkty.<\/p>\n<p><strong><mark class=\"has-inline-color has-black-color\">Przyk\u0142ad nr 3:<\/mark><\/strong>\u00a0je\u015bli kandydat (dziecko) zamieszkuje na os. Powsta\u0144c\u00f3w \u015al. w \u017borach \u2013 to zamieszkuje on w obwodzie Szko\u0142y Podstawowej nr 17. W przypadku kandydowania do zar\u00f3wno Przedszkola nr 19, jak i\u00a0<strong>filii<\/strong>\u00a0Przedszkola nr 23 \u2013 otrzyma w zwi\u0105zku z tym dodatkowe punkty. Jest to jedyna sytuacja, w kt\u00f3rej mo\u017cna otrzyma\u0107 dodatkowe punkty przy kandydowaniu do wi\u0119cej ni\u017c jednego przedszkola (P19 oraz filii P23).<\/p>\n<figure class=\"wp-block-table\">\n<table>\n<tbody>\n<tr>\n<td><strong>Przedszkole<\/strong><\/td>\n<td><strong>Obw\u00f3d szko\u0142y podstawowej<\/strong><\/td>\n<\/tr>\n<tr>\n<td><strong>Przedszkole nr 5\u00a0<\/strong>w \u017borach<br \/>\nos. 700-lecia \u017bor 18<\/td>\n<td><strong>Szko\u0142a Podstawowa nr 3\u00a0<\/strong>z Oddzia\u0142ami Dwuj\u0119zycznymi i Sportowymi im. \u017borskich Tw\u00f3rc\u00f3w Kultury w \u017borach os. 700-lecia \u017bor 16 i ul. Klimka 7<\/td>\n<\/tr>\n<tr>\n<td><strong>Przedszkole nr 13\u00a0<\/strong>im. H. Ch. Andersena<br \/>\nw \u017borach ul. Piast\u00f3w G\u00f3rno\u015bl\u0105skich 3<\/td>\n<td><strong>Szko\u0142a Podstawowa nr 4\u00a0<\/strong>z Oddzia\u0142ami Sportowymi i Mistrzostwa Sportowego im. Otylii J\u0119drzejczak w \u017borach ul. Bory\u0144ska 38c<\/td>\n<\/tr>\n<tr>\n<td><strong>Przedszkole nr 16\u00a0<\/strong>im. Czes\u0142awa Janczarskiego<br \/>\nos. Sikorskiego<\/td>\n<td><strong>Szko\u0142a Podstawowa nr 15\u00a0<\/strong>z Oddzia\u0142ami Sportowymi w \u017borach ul. Bankowa 1<\/td>\n<\/tr>\n<tr>\n<td><strong>Przedszkole nr 19\u00a0<\/strong>im. Juliana Tuwima<br \/>\nw \u017borach os. Powsta\u0144c\u00f3w \u015al. 24A<\/td>\n<td><strong>Szko\u0142a Podstawowa nr 17\u00a0<\/strong>z Oddzia\u0142ami Sportowymi i Mistrzostwa Sportowego<br \/>\nim. Stanis\u0142awa Ligonia w \u017borach ul. D\u0105browskiego 15<\/td>\n<\/tr>\n<tr>\n<td><strong>Przedszkole nr 22<\/strong>\u00a0z Oddzia\u0142ami Integracyjnymi im. Jana Brzechwy w \u017borach<br \/>\nos. Korfantego<\/td>\n<td><strong>Szko\u0142a Podstawowa nr 16\u00a0<\/strong>z Oddzia\u0142ami Integracyjnymi im. Marii Konopnickiej w \u017borach ul. Osi\u0144ska 50<\/td>\n<\/tr>\n<tr>\n<td><strong>Przedszkole nr 23\u00a0<\/strong>im. Lucyny Krzemienieckiej w \u017borach<br \/>\n<strong>Budynek g\u0142\u00f3wny:<\/strong>\u00a0os. Pawlikowskiego 41<\/td>\n<td><strong>Szko\u0142a Podstawowa nr 13\u00a0<\/strong>z Oddzia\u0142ami Sportowymi i Mistrzostwa Sportowego<br \/>\nim. Polskich Olimpijczyk\u00f3w w \u017borach os. Pawlikowskiego 40<\/td>\n<\/tr>\n<tr>\n<td><strong>Przedszkole nr 23\u00a0<\/strong>im. Lucyny Krzemienieckiej\u00a0 w \u017borach\u00a0<strong>Filia:<\/strong>\u00a0os. Powsta\u0144c\u00f3w \u015al\u0105skich 22b<\/td>\n<td><strong>Szko\u0142a Podstawowa nr 17\u00a0<\/strong>z Oddzia\u0142ami Sportowymi i Mistrzostwa Sportowego<br \/>\nim. Stanis\u0142awa Ligonia w \u017borach ul. D\u0105browskiego 15<\/td>\n<\/tr>\n<tr>\n<td><strong>Przedszkole nr 4\u00a0<\/strong>im. Marii Konopnickiej\u00a0<strong>(ZSP1)<\/strong><br \/>\nw \u017borach ul. S\u0142oneczna 2<\/td>\n<td><strong>Szko\u0142a Podstawowa nr 1\u00a0<\/strong>\u00a0im. Janusza Korczaka\u00a0<strong>(ZSP1)<\/strong><br \/>\nw \u017borach ul. S\u0142oneczna 2<\/td>\n<\/tr>\n<tr>\n<td><strong>Przedszkole nr 12\u00a0<\/strong>w \u017borach<br \/>\nul. Stra\u017cacka 6\u00a0<strong>(ZSP5)<\/strong><\/td>\n<td><strong>Szko\u0142a Podstawowa nr 5\u00a0<\/strong>w \u017borach<br \/>\nul. Stra\u017cacka 6\u00a0<strong>(ZSP5)<\/strong><\/td>\n<\/tr>\n<tr>\n<td><strong>Przedszkole nr 6\u00a0<\/strong>im. Marii Kownackiej\u00a0<strong>(ZSP6)<\/strong><br \/>\nw \u017borach ul. Pszczy\u0144ska 81<\/td>\n<td><strong>Szko\u0142a Podstawowa nr 6\u00a0<\/strong>im. Tadeusza Ko\u015bciuszki w \u017borach\u00a0<strong>(ZSP6)<\/strong><br \/>\nul. Pszczy\u0144ska 81<\/td>\n<\/tr>\n<tr>\n<td><strong>Przedszkole nr 7\u00a0<\/strong>z Oddzia\u0142ami Integracyjnymi<br \/>\nw \u017borach\u00a0<strong>(ZSP7)<\/strong><br \/>\nul. Szkolna 8<\/td>\n<td><strong>Szko\u0142a Podstawowa nr 7\u00a0<\/strong>z Oddzia\u0142ami Integracyjnymi im. ks. dr. Franciszka Harazina\u00a0<strong>(ZSP7)<\/strong><br \/>\nul. Szkolna 8<\/td>\n<\/tr>\n<tr>\n<td><strong>Przedszkole nr 8\u00a0<\/strong>w \u017borach\u00a0<strong>(ZSP8)<\/strong><br \/>\nul. Wysoka 13<\/td>\n<td><strong>Szko\u0142a Podstawowa nr 8\u00a0<\/strong>im. Adama Mickiewicza w \u017borach\u00a0<strong>(ZSP8)<\/strong><br \/>\nul. Wysoka 13<\/td>\n<\/tr>\n<tr>\n<td><strong>Przedszkole nr 9\u00a0<\/strong>w \u017borach\u00a0<strong>(ZSP9)<\/strong><br \/>\nul. Rybnicka 226<\/td>\n<td><strong>Szko\u0142a Podstawowa nr 9\u00a0<\/strong>im. Henryka Sienkiewicza w \u017borach\u00a0<strong>(ZSP9)<\/strong><br \/>\nul. Rybnicka 226<\/td>\n<\/tr>\n<tr>\n<td><strong>Przedszkole nr 17\u00a0<\/strong>im. \u015bw. Jana Paw\u0142a II<br \/>\nw \u017borach\u00a0<strong>(ZSP11)<\/strong><br \/>\nul. Wodzis\u0142awska 201<\/td>\n<td><strong>Szko\u0142a Podstawowa nr 11\u00a0<\/strong>im. Gustawa Morcinka w \u017borach\u00a0<strong>(ZSP11)<\/strong><br \/>\nul. Wodzis\u0142awska 201<\/td>\n<\/tr>\n<\/tbody>\n<\/table>\n<\/figure>\n<p><a href=\"https:\/\/p5.zory.pl\/wp-content\/uploads\/2025\/02\/Zarzadzenie-nabor.pdf\">Zarz\u0105dzenie Prezydenta Miasta \u017bory z 29.01.2025<\/a><\/p>\n","protected":false},"excerpt":{"rendered":"<p>Szanowni Rodzice! Je\u017celi podj\u0119li\u015bcie Pa\u0144stwo decyzj\u0119, aby od 1 wrze\u015bnia 2025 roku Wasze dziecko rozpocz\u0119\u0142o edukacj\u0119 w jednym z przedszkoli prowadzonych przez Miasto \u017bory, warto zapozna\u0107 si\u0119 z zasadami tegorocznego naboru, kt\u00f3ry podobnie jak w latach ubieg\u0142ych zostanie przeprowadzony przy pomocy systemu elektronicznego. Chc\u0105c u\u0142atwi\u0107 Pa\u0144stwu proces zapisu dziecka do przedszkola przedstawiamy zasady rekrutacji \u201ekrok [&hellip;]<\/p>\n","protected":false},"author":2,"featured_media":0,"comment_status":"closed","ping_status":"open","sticky":false,"template":"","format":"standard","meta":{"_et_pb_use_builder":"","_et_pb_old_content":"","_et_gb_content_width":"","footnotes":""},"categories":[2,181,39,267,87],"tags":[72],"class_list":["post-1086126","post","type-post","status-publish","format-standard","hentry","category-aktualnosci","category-info-dla-rodzicow_sp5","category-komunikat-specjalny","category-przedszkole-nr-12","category-sp5-zory-komunikaty","tag-rekrutacja-do-przedszkola"],"_links":{"self":[{"href":"https:\/\/zsp5.zory.pl\/index.php?rest_route=\/wp\/v2\/posts\/1086126","targetHints":{"allow":["GET"]}}],"collection":[{"href":"https:\/\/zsp5.zory.pl\/index.php?rest_route=\/wp\/v2\/posts"}],"about":[{"href":"https:\/\/zsp5.zory.pl\/index.php?rest_route=\/wp\/v2\/types\/post"}],"author":[{"embeddable":true,"href":"https:\/\/zsp5.zory.pl\/index.php?rest_route=\/wp\/v2\/users\/2"}],"replies":[{"embeddable":true,"href":"https:\/\/zsp5.zory.pl\/index.php?rest_route=%2Fwp%2Fv2%2Fcomments&post=1086126"}],"version-history":[{"count":2,"href":"https:\/\/zsp5.zory.pl\/index.php?rest_route=\/wp\/v2\/posts\/1086126\/revisions"}],"predecessor-version":[{"id":1086131,"href":"https:\/\/zsp5.zory.pl\/index.php?rest_route=\/wp\/v2\/posts\/1086126\/revisions\/1086131"}],"wp:attachment":[{"href":"https:\/\/zsp5.zory.pl\/index.php?rest_route=%2Fwp%2Fv2%2Fmedia&parent=1086126"}],"wp:term":[{"taxonomy":"category","embeddable":true,"href":"https:\/\/zsp5.zory.pl\/index.php?rest_route=%2Fwp%2Fv2%2Fcategories&post=1086126"},{"taxonomy":"post_tag","embeddable":true,"href":"https:\/\/zsp5.zory.pl\/index.php?rest_route=%2Fwp%2Fv2%2Ftags&post=1086126"}],"curies":[{"name":"wp","href":"https:\/\/api.w.org\/{rel}","templated":true}]}}