{"id":1086030,"date":"2025-02-07T11:13:08","date_gmt":"2025-02-07T10:13:08","guid":{"rendered":"https:\/\/zsp5.zory.pl\/?p=1086030"},"modified":"2025-02-07T11:15:54","modified_gmt":"2025-02-07T10:15:54","slug":"luty-z-cukierkiem-ksiazki-z-pazurem","status":"publish","type":"post","link":"https:\/\/zsp5.zory.pl\/?p=1086030","title":{"rendered":"\u201eLUTY Z CUKIERKIEM \u2013  KSI\u0104\u017bKI Z PAZUREM\u201d"},"content":{"rendered":"<p><span style=\"color: #000000;\"><span style=\"font-weight: 400;\">Zapraszamy do udzia\u0142u w og\u00f3lnopolskiej akcji czytelniczej, kt\u00f3ra potrwa przez ca\u0142y luty 2025 roku!\u00a0\u00a0To wyj\u0105tkowa okazja, by wsp\u00f3lnie promowa\u0107 czytelnictwo w\u015br\u00f3d najm\u0142odszych <\/span><span style=\"font-weight: 400;\">i szerzy\u0107 pozytywne wzorce zachowa\u0144, inspiruj\u0105c si\u0119 przygodami niezast\u0105pionego Kota Cukierka\u00a0<\/span><span style=\"font-weight: 400;\">bohatera ksi\u0105\u017cek autorstwa Waldemara Cichonia.<br \/>\n<\/span><span style=\"font-weight: 400;\">W ramach akcji odb\u0119dzie si\u0119:<\/span><\/span><\/p>\n<ul>\n<li style=\"font-weight: 400;\" aria-level=\"1\"><span style=\"font-weight: 400; color: #000000;\">konkurs plastyczny dla klas I &#8211; III,<\/span><\/li>\n<li style=\"font-weight: 400;\" aria-level=\"1\"><span style=\"font-weight: 400; color: #000000;\">konkurs g\u0142o\u015bnego czytania dla klas II \u2013 III,<\/span><\/li>\n<li style=\"font-weight: 400;\" aria-level=\"1\"><span style=\"font-weight: 400; color: #000000;\">warsztaty: starsi czytaj\u0105 m\u0142odszym.\u00a0<\/span><\/li>\n<\/ul>\n<p><span style=\"font-weight: 400;\"><span style=\"color: #000000;\">Regulaminy konkurs\u00f3w znajdziesz poni\u017cej oraz na tablicy przy wej\u015bciu g\u0142\u00f3wnym do szko\u0142y i szkolnym facebooku<\/span>.<\/span><\/p>\n<p><a href=\"http:\/\/zsp5.zory.pl\/wp-content\/uploads\/2025\/02\/Regulamin-konkursu-plastycznego.docx\">Regulamin konkursu plastycznego<\/a><\/p>\n<p><a href=\"http:\/\/zsp5.zory.pl\/wp-content\/uploads\/2025\/02\/Regulamin-konkursu-glosnego-czytania.docx\">Regulamin konkursu g\u0142o\u015bnego czytania<\/a><\/p>\n<div id=\"attachment_1086031\" style=\"width: 861px\" class=\"wp-caption aligncenter\"><img loading=\"lazy\" decoding=\"async\" aria-describedby=\"caption-attachment-1086031\" class=\"wp-image-1086031 size-full\" src=\"http:\/\/zsp5.zory.pl\/wp-content\/uploads\/2025\/02\/luty_z_cukierkiem_fb-baner-gorny.jpg\" alt=\"\" width=\"851\" height=\"315\" srcset=\"http:\/\/zsp5.zory.pl\/wp-content\/uploads\/2025\/02\/luty_z_cukierkiem_fb-baner-gorny.jpg 851w, http:\/\/zsp5.zory.pl\/wp-content\/uploads\/2025\/02\/luty_z_cukierkiem_fb-baner-gorny-480x178.jpg 480w\" sizes=\"(min-width: 0px) and (max-width: 480px) 480px, (min-width: 481px) 851px, 100vw\" \/><p id=\"caption-attachment-1086031\" class=\"wp-caption-text\">Baner promuj\u0105cy akcj\u0119 &#8222;Luty z Cukierkiem &#8211; Ksi\u0105\u017cki z Pazurem&#8221;. Czytamy Cukierka we\u017a udzia\u0142 w akcji.<\/p><\/div>\n","protected":false},"excerpt":{"rendered":"<p>Zapraszamy do udzia\u0142u w og\u00f3lnopolskiej akcji czytelniczej, kt\u00f3ra potrwa przez ca\u0142y luty 2025 roku!\u00a0\u00a0To wyj\u0105tkowa okazja, by wsp\u00f3lnie promowa\u0107 czytelnictwo w\u015br\u00f3d najm\u0142odszych i szerzy\u0107 pozytywne wzorce zachowa\u0144, inspiruj\u0105c si\u0119 przygodami niezast\u0105pionego Kota Cukierka\u00a0bohatera ksi\u0105\u017cek autorstwa Waldemara Cichonia. W ramach akcji odb\u0119dzie si\u0119: konkurs plastyczny dla klas I &#8211; III, konkurs g\u0142o\u015bnego czytania dla klas II [&hellip;]<\/p>\n","protected":false},"author":11,"featured_media":0,"comment_status":"closed","ping_status":"open","sticky":false,"template":"","format":"standard","meta":{"_et_pb_use_builder":"","_et_pb_old_content":"","_et_gb_content_width":"","footnotes":""},"categories":[2,217],"tags":[],"class_list":["post-1086030","post","type-post","status-publish","format-standard","hentry","category-aktualnosci","category-biblioteka_blog"],"_links":{"self":[{"href":"https:\/\/zsp5.zory.pl\/index.php?rest_route=\/wp\/v2\/posts\/1086030","targetHints":{"allow":["GET"]}}],"collection":[{"href":"https:\/\/zsp5.zory.pl\/index.php?rest_route=\/wp\/v2\/posts"}],"about":[{"href":"https:\/\/zsp5.zory.pl\/index.php?rest_route=\/wp\/v2\/types\/post"}],"author":[{"embeddable":true,"href":"https:\/\/zsp5.zory.pl\/index.php?rest_route=\/wp\/v2\/users\/11"}],"replies":[{"embeddable":true,"href":"https:\/\/zsp5.zory.pl\/index.php?rest_route=%2Fwp%2Fv2%2Fcomments&post=1086030"}],"version-history":[{"count":2,"href":"https:\/\/zsp5.zory.pl\/index.php?rest_route=\/wp\/v2\/posts\/1086030\/revisions"}],"predecessor-version":[{"id":1086035,"href":"https:\/\/zsp5.zory.pl\/index.php?rest_route=\/wp\/v2\/posts\/1086030\/revisions\/1086035"}],"wp:attachment":[{"href":"https:\/\/zsp5.zory.pl\/index.php?rest_route=%2Fwp%2Fv2%2Fmedia&parent=1086030"}],"wp:term":[{"taxonomy":"category","embeddable":true,"href":"https:\/\/zsp5.zory.pl\/index.php?rest_route=%2Fwp%2Fv2%2Fcategories&post=1086030"},{"taxonomy":"post_tag","embeddable":true,"href":"https:\/\/zsp5.zory.pl\/index.php?rest_route=%2Fwp%2Fv2%2Ftags&post=1086030"}],"curies":[{"name":"wp","href":"https:\/\/api.w.org\/{rel}","templated":true}]}}