{"id":1086024,"date":"2025-02-06T10:24:10","date_gmt":"2025-02-06T09:24:10","guid":{"rendered":"https:\/\/zsp5.zory.pl\/?p=1086024"},"modified":"2025-02-07T11:33:26","modified_gmt":"2025-02-07T10:33:26","slug":"kontynuacja-wychowania-przedszkolnego-w-roku-szkolnym-2025-2026","status":"publish","type":"post","link":"https:\/\/zsp5.zory.pl\/?p=1086024","title":{"rendered":"Kontynuacja wychowania przedszkolnego w  roku szkolnym 2025\/2026"},"content":{"rendered":"Zgodnie z ustaw\u0105 Prawo o\u015bwiatowe rodzice dzieci przyj\u0119tych do danego publicznego przedszkola corocznie sk\u0142adaj\u0105 na kolejny rok szkolny deklaracj\u0119 o kontynuowaniu wychowania przedszkolnego w tym przedszkolu w terminie 7 dni poprzedzaj\u0105cych termin rozpocz\u0119cia post\u0119powania rekrutacyjnego (art. 153 ust. 2 ustawy z dnia\u00a014 grudnia 2016 r. Prawo o\u015bwiatowe \u2013 Dz. U. z 2021 r., poz. 1082 ze zmianami).<strong>\r\n\r\n<\/strong>W zwi\u0105zku ze zbli\u017caj\u0105c\u0105 si\u0119 rekrutacj\u0105 do miejskich przedszkoli na rok szkolny 2025\/2026 prosz\u0119 o <strong>wype\u0142nienie druku, kt\u00f3ry od jutra b\u0119dzie dost\u0119pny u wychowawc\u00f3w grup i wrzucenie go do przygotowanej skrzynki w dolnej szatni przedszkolnej w dniach od 10 lutego do 21 lutego 2025 r.<\/strong>\u00a0<strong>w godzinach pracy przedszkola.<\/strong><!-- \/wp:post-content --><!-- wp:paragraph -->\r\n\r\n<strong><u>Deklaracji nie sk\u0142adaj\u0105<\/u><\/strong><strong>:<\/strong><!-- \/wp:paragraph --><!-- wp:list -->\r\n<ul><!-- wp:list-item -->\r\n \t<li>Rodzice, kt\u00f3rzy planuj\u0105 zmian\u0119 przedszkola,<\/li>\r\n<!-- \/wp:list-item --><!-- wp:list-item -->\r\n \t<li>Rodzice dzieci urodzonych w 2018 roku, kt\u00f3re od 1 wrze\u015bnia 2025 r. z mocy prawa p\u00f3jd\u0105 do I klasy szko\u0142y podstawowej, <strong><u>do kt\u00f3rej tak\u017ce nale\u017cy zapisa\u0107 dziecko<\/u><\/strong><\/li>\r\n<!-- \/wp:list-item --><!-- wp:list-item -->\r\n \t<li>Rodzice dzieci urodzonych w 2019 roku, kt\u00f3rzy podj\u0119li decyzj\u0119 o zapisaniu od 1 wrze\u015bnia 2025 r. do I klasy w wybranej szkole podstawowej.<\/li>\r\n<!-- \/wp:list-item --><\/ul>\r\n<!-- \/wp:list --><!-- wp:paragraph -->\r\n\r\n<strong>UWAGA!!!<\/strong><!-- \/wp:paragraph --><!-- wp:paragraph -->\r\n\r\n<strong><u>Niez\u0142o\u017cenie deklaracji w ustalonym terminie b\u0119dzie r\u00f3wnoznaczne z rezygnacj\u0105 z miejsca w naszym przedszkolu w roku szkolnym 2025\/2026<\/u><\/strong>","protected":false},"excerpt":{"rendered":"<p>Zgodnie z ustaw\u0105 Prawo o\u015bwiatowe rodzice dzieci przyj\u0119tych do danego publicznego przedszkola corocznie sk\u0142adaj\u0105 na kolejny rok szkolny deklaracj\u0119 o kontynuowaniu wychowania przedszkolnego w tym przedszkolu w terminie 7 dni poprzedzaj\u0105cych termin rozpocz\u0119cia post\u0119powania rekrutacyjnego (art. 153 ust. 2 ustawy z dnia\u00a014 grudnia 2016 r. Prawo o\u015bwiatowe \u2013 Dz. U. z 2021 r., poz. 1082 [&hellip;]<\/p>\n","protected":false},"author":6,"featured_media":0,"comment_status":"closed","ping_status":"open","sticky":false,"template":"","format":"standard","meta":{"_et_pb_use_builder":"","_et_pb_old_content":"","_et_gb_content_width":"","footnotes":""},"categories":[2,4,267],"tags":[],"class_list":["post-1086024","post","type-post","status-publish","format-standard","hentry","category-aktualnosci","category-grupy_aktualnosci","category-przedszkole-nr-12"],"_links":{"self":[{"href":"https:\/\/zsp5.zory.pl\/index.php?rest_route=\/wp\/v2\/posts\/1086024","targetHints":{"allow":["GET"]}}],"collection":[{"href":"https:\/\/zsp5.zory.pl\/index.php?rest_route=\/wp\/v2\/posts"}],"about":[{"href":"https:\/\/zsp5.zory.pl\/index.php?rest_route=\/wp\/v2\/types\/post"}],"author":[{"embeddable":true,"href":"https:\/\/zsp5.zory.pl\/index.php?rest_route=\/wp\/v2\/users\/6"}],"replies":[{"embeddable":true,"href":"https:\/\/zsp5.zory.pl\/index.php?rest_route=%2Fwp%2Fv2%2Fcomments&post=1086024"}],"version-history":[{"count":1,"href":"https:\/\/zsp5.zory.pl\/index.php?rest_route=\/wp\/v2\/posts\/1086024\/revisions"}],"predecessor-version":[{"id":1086025,"href":"https:\/\/zsp5.zory.pl\/index.php?rest_route=\/wp\/v2\/posts\/1086024\/revisions\/1086025"}],"wp:attachment":[{"href":"https:\/\/zsp5.zory.pl\/index.php?rest_route=%2Fwp%2Fv2%2Fmedia&parent=1086024"}],"wp:term":[{"taxonomy":"category","embeddable":true,"href":"https:\/\/zsp5.zory.pl\/index.php?rest_route=%2Fwp%2Fv2%2Fcategories&post=1086024"},{"taxonomy":"post_tag","embeddable":true,"href":"https:\/\/zsp5.zory.pl\/index.php?rest_route=%2Fwp%2Fv2%2Ftags&post=1086024"}],"curies":[{"name":"wp","href":"https:\/\/api.w.org\/{rel}","templated":true}]}}