{"id":1086008,"date":"2025-02-03T12:22:57","date_gmt":"2025-02-03T11:22:57","guid":{"rendered":"https:\/\/zsp5.zory.pl\/?p=1086008"},"modified":"2025-02-07T11:33:05","modified_gmt":"2025-02-07T10:33:05","slug":"nabor-do-klasy-i-szkoly-podstawowej-nr-5-w-zorach-3","status":"publish","type":"post","link":"https:\/\/zsp5.zory.pl\/?p=1086008","title":{"rendered":"Nab\u00f3r do klasy I Szko\u0142y Podstawowej nr 5 w \u017borach"},"content":{"rendered":"<p>Zgodnie z zarz\u0105dzeniem Prezydenta Miasta \u017bory nr OR.0050.142.2025 z dnia 29.01.2025,\u00a0 Dyrekcja Szko\u0142y Podstawowej nr 5 w \u017borach og\u0142asza nab\u00f3r do klasy I.<br \/>\nDo klasy pierwszej przyjmowane s\u0105:<br \/>\n\u2013 dzieci 7- letnie (urodzone w roku 2018) \u2013 obj\u0119te obowi\u0105zkiem szkolnym;<br \/>\n\u2013 dzieci 6-letnie (urodzone w roku 2017) \u2013 zgodnie z wol\u0105 rodzic\u00f3w (je\u017celi dziecko korzysta\u0142o z wychowania przedszkolnego<br \/>\nw poprzednim roku szkolnym albo posiada opini\u0119 poradni psychologiczno-pedagogicznej o mo\u017cliwo\u015bci rozpocz\u0119cia nauki<br \/>\nw szkole podstawowej).<br \/>\nNab\u00f3r odbywa\u0107 si\u0119 b\u0119dzie w dniach od <strong>3\u00a0marca<\/strong>\u00a0do\u00a0<strong>18 kwietnia 2025r.<\/strong><br \/>\nPublikacja listy kandydat\u00f3w zakwalifikowanych i niezakwalifikowanych w dniu\u00a0<strong>28 kwietnia 2025r.<\/strong><br \/>\nPotwierdzenie przez rodzica woli przyj\u0119cia w postaci pisemnego o\u015bwiadczenia w dniach od <strong>29 kwietnia<\/strong> do <strong>30\u00a0kwietnia 2024r.<\/strong><br \/>\nPublikacja listy kandydat\u00f3w przyj\u0119tych w dniu\u00a0<strong>6 maja 2024 r.<\/strong><\/p>\n<p><a href=\"http:\/\/zsp5.zory.pl\/wp-content\/uploads\/2025\/02\/nabor_2025_2026.pdf\">nab\u00f3r_2025_2026<\/a><\/p>\n","protected":false},"excerpt":{"rendered":"<p>Zgodnie z zarz\u0105dzeniem Prezydenta Miasta \u017bory nr OR.0050.142.2025 z dnia 29.01.2025,\u00a0 Dyrekcja Szko\u0142y Podstawowej nr 5 w \u017borach og\u0142asza nab\u00f3r do klasy I. Do klasy pierwszej przyjmowane s\u0105: \u2013 dzieci 7- letnie (urodzone w roku 2018) \u2013 obj\u0119te obowi\u0105zkiem szkolnym; \u2013 dzieci 6-letnie (urodzone w roku 2017) \u2013 zgodnie z wol\u0105 rodzic\u00f3w (je\u017celi dziecko korzysta\u0142o [&hellip;]<\/p>\n","protected":false},"author":6,"featured_media":0,"comment_status":"closed","ping_status":"open","sticky":false,"template":"","format":"standard","meta":{"_et_pb_use_builder":"","_et_pb_old_content":"","_et_gb_content_width":"","footnotes":""},"categories":[2,39,267],"tags":[],"class_list":["post-1086008","post","type-post","status-publish","format-standard","hentry","category-aktualnosci","category-komunikat-specjalny","category-przedszkole-nr-12"],"_links":{"self":[{"href":"https:\/\/zsp5.zory.pl\/index.php?rest_route=\/wp\/v2\/posts\/1086008","targetHints":{"allow":["GET"]}}],"collection":[{"href":"https:\/\/zsp5.zory.pl\/index.php?rest_route=\/wp\/v2\/posts"}],"about":[{"href":"https:\/\/zsp5.zory.pl\/index.php?rest_route=\/wp\/v2\/types\/post"}],"author":[{"embeddable":true,"href":"https:\/\/zsp5.zory.pl\/index.php?rest_route=\/wp\/v2\/users\/6"}],"replies":[{"embeddable":true,"href":"https:\/\/zsp5.zory.pl\/index.php?rest_route=%2Fwp%2Fv2%2Fcomments&post=1086008"}],"version-history":[{"count":3,"href":"https:\/\/zsp5.zory.pl\/index.php?rest_route=\/wp\/v2\/posts\/1086008\/revisions"}],"predecessor-version":[{"id":1086026,"href":"https:\/\/zsp5.zory.pl\/index.php?rest_route=\/wp\/v2\/posts\/1086008\/revisions\/1086026"}],"wp:attachment":[{"href":"https:\/\/zsp5.zory.pl\/index.php?rest_route=%2Fwp%2Fv2%2Fmedia&parent=1086008"}],"wp:term":[{"taxonomy":"category","embeddable":true,"href":"https:\/\/zsp5.zory.pl\/index.php?rest_route=%2Fwp%2Fv2%2Fcategories&post=1086008"},{"taxonomy":"post_tag","embeddable":true,"href":"https:\/\/zsp5.zory.pl\/index.php?rest_route=%2Fwp%2Fv2%2Ftags&post=1086008"}],"curies":[{"name":"wp","href":"https:\/\/api.w.org\/{rel}","templated":true}]}}