{"id":1085942,"date":"2025-01-23T14:06:37","date_gmt":"2025-01-23T13:06:37","guid":{"rendered":"https:\/\/zsp5.zory.pl\/?p=1085942"},"modified":"2025-01-31T08:35:10","modified_gmt":"2025-01-31T07:35:10","slug":"znam-swoje-dziedzictwo-kulturowe-nie-sa-mi-obce-tance-i-zabawy-ludowe","status":"publish","type":"post","link":"https:\/\/zsp5.zory.pl\/?p=1085942","title":{"rendered":"&#8222;Znam swoje dziedzictwo kulturowe &#8211; nie s\u0105 mi obce ta\u0144ce i zabawy ludowe&#8221;"},"content":{"rendered":"<div class=\"xdj266r x11i5rnm xat24cr x1mh8g0r x1vvkbs x126k92a\">\n<div dir=\"auto\"><span style=\"color: #000000;\">22.01.2025 dzieci przedszkolne z grup B, C, D i E wzi\u0119\u0142y udzia\u0142, w pierwszych z ca\u0142ego cyklu, warsztatach tanecznych realizowanych w ramach inicjatywy &#8222;Znam swoje dziedzictwo kulturowe &#8211; nie s\u0105 mi obce ta\u0144ce i zabawy ludowe&#8221;. Podczas pierwszych zaj\u0119\u0107 dzieci zapozna\u0142y si\u0119 z ta\u0144cem ludowym &#8222;Koziorajka&#8221;.<\/span><\/div>\n<\/div>\n<div class=\"x11i5rnm xat24cr x1mh8g0r x1vvkbs xtlvy1s x126k92a\">\n<div dir=\"auto\"><span style=\"color: #000000;\">Wy\u017cej wymieniona inicjatywa jest realizowana w ramach Centrum Inicjatyw Lokalnych (CIL), stworzonego w ramach projektu &#8222;Pod skrzyd\u0142ami Jastrz\u0119bia&#8221; realizowanego przez Stowarzyszenie EBI w ramach Programu Fundusze Europejskie dla \u015al\u0105skiego 2021-2027 wsp\u00f3\u0142finansowanego ze \u015brodk\u00f3w Funduszu na rzecz Sprawiedliwej Transformacji.<\/span><\/div>\n<\/div>\n","protected":false},"excerpt":{"rendered":"<p>22.01.2025 dzieci przedszkolne z grup B, C, D i E wzi\u0119\u0142y udzia\u0142, w pierwszych z ca\u0142ego cyklu, warsztatach tanecznych realizowanych w ramach inicjatywy &#8222;Znam swoje dziedzictwo kulturowe &#8211; nie s\u0105 mi obce ta\u0144ce i zabawy ludowe&#8221;. Podczas pierwszych zaj\u0119\u0107 dzieci zapozna\u0142y si\u0119 z ta\u0144cem ludowym &#8222;Koziorajka&#8221;. Wy\u017cej wymieniona inicjatywa jest realizowana w ramach Centrum Inicjatyw [&hellip;]<\/p>\n","protected":false},"author":11,"featured_media":0,"comment_status":"closed","ping_status":"open","sticky":false,"template":"","format":"standard","meta":{"_et_pb_use_builder":"","_et_pb_old_content":"","_et_gb_content_width":"","footnotes":""},"categories":[2,4,39],"tags":[],"class_list":["post-1085942","post","type-post","status-publish","format-standard","hentry","category-aktualnosci","category-grupy_aktualnosci","category-komunikat-specjalny"],"_links":{"self":[{"href":"https:\/\/zsp5.zory.pl\/index.php?rest_route=\/wp\/v2\/posts\/1085942","targetHints":{"allow":["GET"]}}],"collection":[{"href":"https:\/\/zsp5.zory.pl\/index.php?rest_route=\/wp\/v2\/posts"}],"about":[{"href":"https:\/\/zsp5.zory.pl\/index.php?rest_route=\/wp\/v2\/types\/post"}],"author":[{"embeddable":true,"href":"https:\/\/zsp5.zory.pl\/index.php?rest_route=\/wp\/v2\/users\/11"}],"replies":[{"embeddable":true,"href":"https:\/\/zsp5.zory.pl\/index.php?rest_route=%2Fwp%2Fv2%2Fcomments&post=1085942"}],"version-history":[{"count":2,"href":"https:\/\/zsp5.zory.pl\/index.php?rest_route=\/wp\/v2\/posts\/1085942\/revisions"}],"predecessor-version":[{"id":1085967,"href":"https:\/\/zsp5.zory.pl\/index.php?rest_route=\/wp\/v2\/posts\/1085942\/revisions\/1085967"}],"wp:attachment":[{"href":"https:\/\/zsp5.zory.pl\/index.php?rest_route=%2Fwp%2Fv2%2Fmedia&parent=1085942"}],"wp:term":[{"taxonomy":"category","embeddable":true,"href":"https:\/\/zsp5.zory.pl\/index.php?rest_route=%2Fwp%2Fv2%2Fcategories&post=1085942"},{"taxonomy":"post_tag","embeddable":true,"href":"https:\/\/zsp5.zory.pl\/index.php?rest_route=%2Fwp%2Fv2%2Ftags&post=1085942"}],"curies":[{"name":"wp","href":"https:\/\/api.w.org\/{rel}","templated":true}]}}