{"id":1085830,"date":"2024-11-25T20:33:46","date_gmt":"2024-11-25T19:33:46","guid":{"rendered":"https:\/\/zsp5.zory.pl\/?p=1085830"},"modified":"2025-05-08T22:35:26","modified_gmt":"2025-05-08T20:35:26","slug":"mis-ulubiony-bohater-literacki","status":"publish","type":"post","link":"https:\/\/zsp5.zory.pl\/?p=1085830","title":{"rendered":"&#8222;Mi\u015b &#8211; ulubiony bohater literacki&#8221;"},"content":{"rendered":"<p>25.11.2024 w przedszkolu odby\u0142o si\u0119 rozstrzygni\u0119cie konkursu plastycznego pt. &#8222;Mi\u015b &#8211; ulubiony bohater literacki&#8221;. W konkursie wzi\u0119\u0142o udzia\u0142 a\u017c 34 przedszkolak\u00f3w. Wszystkie dzieci, za sw\u00f3j wk\u0142ad i zaanga\u017cowanie, otrzyma\u0142y pami\u0105tkowe dyplomy oraz upominki. Upominki ksi\u0105\u017ckowe zosta\u0142y zakupione z funduszy w ramach Narodowego Programu Rozwoju Czytelnictwa. Gratulujemy wszystkim uczestnikom oraz zapraszamy do licznego uczestnictwa w kolejnych konkursach!<\/p>\n<div id=\"attachment_1085488\" style=\"width: 386px\" class=\"wp-caption aligncenter\"><img loading=\"lazy\" decoding=\"async\" aria-describedby=\"caption-attachment-1085488\" class=\"wp-image-1085488 \" src=\"http:\/\/zsp5.zory.pl\/wp-content\/uploads\/2024\/09\/nprcz-logotyp-podstawowy-rgb-1024x583.jpg\" alt=\"logo Narodowy Program Rozwoju Czytelnictwa 2.0\" width=\"376\" height=\"214\" \/><p id=\"caption-attachment-1085488\" class=\"wp-caption-text\">logo: Narodowy Program Rozwoju Czytelnictwa 2.0<\/p><\/div>\n<p>&nbsp;<\/p>\n<p>&nbsp;<\/p>\n","protected":false},"excerpt":{"rendered":"<p>25.11.2024 w przedszkolu odby\u0142o si\u0119 rozstrzygni\u0119cie konkursu plastycznego pt. &#8222;Mi\u015b &#8211; ulubiony bohater literacki&#8221;. W konkursie wzi\u0119\u0142o udzia\u0142 a\u017c 34 przedszkolak\u00f3w. Wszystkie dzieci, za sw\u00f3j wk\u0142ad i zaanga\u017cowanie, otrzyma\u0142y pami\u0105tkowe dyplomy oraz upominki. Upominki ksi\u0105\u017ckowe zosta\u0142y zakupione z funduszy w ramach Narodowego Programu Rozwoju Czytelnictwa. Gratulujemy wszystkim uczestnikom oraz zapraszamy do licznego uczestnictwa w kolejnych [&hellip;]<\/p>\n","protected":false},"author":11,"featured_media":0,"comment_status":"closed","ping_status":"open","sticky":false,"template":"","format":"standard","meta":{"_et_pb_use_builder":"","_et_pb_old_content":"","_et_gb_content_width":"","footnotes":""},"categories":[2,217,4],"tags":[],"class_list":["post-1085830","post","type-post","status-publish","format-standard","hentry","category-aktualnosci","category-biblioteka_blog","category-grupy_aktualnosci"],"_links":{"self":[{"href":"https:\/\/zsp5.zory.pl\/index.php?rest_route=\/wp\/v2\/posts\/1085830","targetHints":{"allow":["GET"]}}],"collection":[{"href":"https:\/\/zsp5.zory.pl\/index.php?rest_route=\/wp\/v2\/posts"}],"about":[{"href":"https:\/\/zsp5.zory.pl\/index.php?rest_route=\/wp\/v2\/types\/post"}],"author":[{"embeddable":true,"href":"https:\/\/zsp5.zory.pl\/index.php?rest_route=\/wp\/v2\/users\/11"}],"replies":[{"embeddable":true,"href":"https:\/\/zsp5.zory.pl\/index.php?rest_route=%2Fwp%2Fv2%2Fcomments&post=1085830"}],"version-history":[{"count":1,"href":"https:\/\/zsp5.zory.pl\/index.php?rest_route=\/wp\/v2\/posts\/1085830\/revisions"}],"predecessor-version":[{"id":1085831,"href":"https:\/\/zsp5.zory.pl\/index.php?rest_route=\/wp\/v2\/posts\/1085830\/revisions\/1085831"}],"wp:attachment":[{"href":"https:\/\/zsp5.zory.pl\/index.php?rest_route=%2Fwp%2Fv2%2Fmedia&parent=1085830"}],"wp:term":[{"taxonomy":"category","embeddable":true,"href":"https:\/\/zsp5.zory.pl\/index.php?rest_route=%2Fwp%2Fv2%2Fcategories&post=1085830"},{"taxonomy":"post_tag","embeddable":true,"href":"https:\/\/zsp5.zory.pl\/index.php?rest_route=%2Fwp%2Fv2%2Ftags&post=1085830"}],"curies":[{"name":"wp","href":"https:\/\/api.w.org\/{rel}","templated":true}]}}