{"id":1085687,"date":"2024-11-04T18:29:26","date_gmt":"2024-11-04T17:29:26","guid":{"rendered":"https:\/\/zsp5.zory.pl\/?p=1085687"},"modified":"2024-11-04T18:29:26","modified_gmt":"2024-11-04T17:29:26","slug":"i-zlot-samorzadow-uczniowskich","status":"publish","type":"post","link":"https:\/\/zsp5.zory.pl\/?p=1085687","title":{"rendered":"I Zlot Samorz\u0105d\u00f3w Uczniowskich"},"content":{"rendered":"<p>Dnia 31 pa\u017adziernika by\u0142 dniem wyj\u0105tkowym, poniewa\u017c w Zespole Szkolno-Przedszkolnym nr 5 w \u017borach odby\u0142 si\u0119 I Zlot Samorz\u0105d\u00f3w Uczniowskich. W wydarzeniu uczestniczyli przedstawiciele \u017corskich plac\u00f3wek:<\/p>\n<ul>\n<li>Szko\u0142a Podstawowa nr 4<\/li>\n<li>Szko\u0142a Podstawowa nr 13<\/li>\n<li>Szko\u0142a Podstawowa nr 16<\/li>\n<li>Zesp\u00f3\u0142 Szkolno-Przedszkolny nr 6<\/li>\n<li>Szko\u0142a Podstawowa nr 8<\/li>\n<li>Szko\u0142a Podstawowa nr 9<\/li>\n<li>Szko\u0142a Podstawowa nr 3<\/li>\n<li>Szko\u0142a Podstawowa nr 11<\/li>\n<\/ul>\n<p>Naszym go\u015bciem by\u0142 r\u00f3wnie\u017c Naczelnik Wydzia\u0142u Edukacji w \u017borach, pan Dominik Krusberski.<\/p>\n<p>Podczas spotkania przedstawiciele Samorz\u0105d\u00f3w Uczniowskich zaprezentowali swoje dotychczasowe dzia\u0142ania, co pozwoli\u0142o nam wymieni\u0107 si\u0119 inspiracjami. Mieli\u015bmy tak\u017ce okazj\u0119 zintegrowa\u0107 si\u0119 poprzez wsp\u00f3lne zadania, takie jak tworzenie logo naszego zlotu, planowanie dalszych inicjatyw oraz dyskusje na tematy istotne dla nas wszystkich, jak na przyk\u0142ad korzystanie z telefon\u00f3w kom\u00f3rkowych w szkole.<\/p>\n<p>Serdecznie dzi\u0119kujemy opiekunkom Samorz\u0105d\u00f3w za ich wsparcie oraz wszystkim uczniom za kreatywne pomys\u0142y i wsp\u00f3lnie sp\u0119dzony czas. Mamy nadziej\u0119 na dalsz\u0105 owocn\u0105 wsp\u00f3\u0142prac\u0119!<\/p>\n<div style=\"width: 1080px;\" class=\"wp-video\"><video class=\"wp-video-shortcode\" id=\"video-1085687-1\" width=\"1080\" height=\"608\" preload=\"metadata\" controls=\"controls\"><source type=\"video\/mp4\" src=\"http:\/\/zsp5.zory.pl\/wp-content\/uploads\/2024\/11\/zlot-samorzadow-uczniowskich-2024.mp4?_=1\" \/><a href=\"http:\/\/zsp5.zory.pl\/wp-content\/uploads\/2024\/11\/zlot-samorzadow-uczniowskich-2024.mp4\">http:\/\/zsp5.zory.pl\/wp-content\/uploads\/2024\/11\/zlot-samorzadow-uczniowskich-2024.mp4<\/a><\/video><\/div>\n<p>Prezentacja: I Zlot Samorz\u0105d\u00f3w Uczniowskich<\/p>\n","protected":false},"excerpt":{"rendered":"<p>Dnia 31 pa\u017adziernika by\u0142 dniem wyj\u0105tkowym, poniewa\u017c w Zespole Szkolno-Przedszkolnym nr 5 w \u017borach odby\u0142 si\u0119 I Zlot Samorz\u0105d\u00f3w Uczniowskich. W wydarzeniu uczestniczyli przedstawiciele \u017corskich plac\u00f3wek: Szko\u0142a Podstawowa nr 4 Szko\u0142a Podstawowa nr 13 Szko\u0142a Podstawowa nr 16 Zesp\u00f3\u0142 Szkolno-Przedszkolny nr 6 Szko\u0142a Podstawowa nr 8 Szko\u0142a Podstawowa nr 9 Szko\u0142a Podstawowa nr 3 Szko\u0142a [&hellip;]<\/p>\n","protected":false},"author":13,"featured_media":0,"comment_status":"closed","ping_status":"open","sticky":false,"template":"","format":"standard","meta":{"_et_pb_use_builder":"","_et_pb_old_content":"","_et_gb_content_width":"","footnotes":""},"categories":[186],"tags":[234,228,521],"class_list":["post-1085687","post","type-post","status-publish","format-standard","hentry","category-samorzad-uczniowski","tag-integracja","tag-su","tag-zlot-samorzadow-uczniowskich"],"_links":{"self":[{"href":"https:\/\/zsp5.zory.pl\/index.php?rest_route=\/wp\/v2\/posts\/1085687","targetHints":{"allow":["GET"]}}],"collection":[{"href":"https:\/\/zsp5.zory.pl\/index.php?rest_route=\/wp\/v2\/posts"}],"about":[{"href":"https:\/\/zsp5.zory.pl\/index.php?rest_route=\/wp\/v2\/types\/post"}],"author":[{"embeddable":true,"href":"https:\/\/zsp5.zory.pl\/index.php?rest_route=\/wp\/v2\/users\/13"}],"replies":[{"embeddable":true,"href":"https:\/\/zsp5.zory.pl\/index.php?rest_route=%2Fwp%2Fv2%2Fcomments&post=1085687"}],"version-history":[{"count":1,"href":"https:\/\/zsp5.zory.pl\/index.php?rest_route=\/wp\/v2\/posts\/1085687\/revisions"}],"predecessor-version":[{"id":1085689,"href":"https:\/\/zsp5.zory.pl\/index.php?rest_route=\/wp\/v2\/posts\/1085687\/revisions\/1085689"}],"wp:attachment":[{"href":"https:\/\/zsp5.zory.pl\/index.php?rest_route=%2Fwp%2Fv2%2Fmedia&parent=1085687"}],"wp:term":[{"taxonomy":"category","embeddable":true,"href":"https:\/\/zsp5.zory.pl\/index.php?rest_route=%2Fwp%2Fv2%2Fcategories&post=1085687"},{"taxonomy":"post_tag","embeddable":true,"href":"https:\/\/zsp5.zory.pl\/index.php?rest_route=%2Fwp%2Fv2%2Ftags&post=1085687"}],"curies":[{"name":"wp","href":"https:\/\/api.w.org\/{rel}","templated":true}]}}