{"id":1085603,"date":"2024-10-18T11:52:09","date_gmt":"2024-10-18T09:52:09","guid":{"rendered":"https:\/\/zsp5.zory.pl\/?p=1085603"},"modified":"2024-10-18T11:55:12","modified_gmt":"2024-10-18T09:55:12","slug":"ogolnopolski-konkurs-ze-szkolnej-lawki-na-okladki-zapraszamy-do-udzialu","status":"publish","type":"post","link":"https:\/\/zsp5.zory.pl\/?p=1085603","title":{"rendered":"Og\u00f3lnopolski konkurs &#8222;Ze szkolnej \u0142awki na ok\u0142adki&#8221; &#8211; zapraszamy do udzia\u0142u"},"content":{"rendered":"<p><strong>Og\u00f3lnopolski konkurs &#8222;Ze szkolnej \u0142awki na ok\u0142adki&#8221; <\/strong><\/p>\n<p>Zapraszamy i zach\u0119camy do wzi\u0119cia udzia\u0142u w og\u00f3lnopolskim konkursie \u201cZe szkolnej \u0142awki na ok\u0142adki\u201d pod honorowym patronatem Rzecznika Praw Dziecka oraz Prezydenta Miasta Lublin, kt\u00f3rego organizatorem jest Ksi\u0119garnia Bookland. Konkurs skierowany jest do uczni\u00f3w klas 1-8. Pula nagr\u00f3d w konkursie wynosi 25 tysi\u0119cy z\u0142otych!<br \/>\nZadanie konkursowe podzielone jest na dwie kategorie:<\/p>\n<ul>\n<li><strong>klasy 1-3 namaluj now\u0105 ok\u0142adk\u0119 do swojej ulubionej ksi\u0105\u017cki.<\/strong> Nie rysuj ksi\u0105\u017cki, nie dodawaj tytu\u0142u, ani autor\u00f3w, ale poka\u017c np. wybran\u0105 scen\u0119, miejsce, bohater\u00f3w tak, aby nikt nie mia\u0142 w\u0105tpliwo\u015bci &#8211; o jak\u0105 ksi\u0105\u017ck\u0119 chodzi.<\/li>\n<li><strong> klasy 4-8 sfotografuj now\u0105 ok\u0142adk\u0119 do swojej ulubionej ksi\u0105\u017cki.<\/strong> Nie fotografuj ksi\u0105\u017cki, nie dodawaj tytu\u0142\u00f3w, ani autor\u00f3w, nie u\u017cywaj program\u00f3w graficznych. Uchwy\u0107 krajobrazy, scenki, postaci tak, aby nikt nie mia\u0142 w\u0105tpliwo\u015bci o jak\u0105 ksi\u0105\u017ck\u0119 chodzi.<\/li>\n<\/ul>\n<p>Wszystkie informacje na temat konkursu znajdziecie na stronie <a href=\"http:\/\/www.bookland.com.pl\/konkurs-ze-szkolnej-lawki-na-okladki\">www.bookland.com.pl\/konkurs-ze-szkolnej-lawki-na-okladki<\/a>.<br \/>\nFundatorami nagr\u00f3d w konkursie s\u0105 wydawnictwa Alexander, Zielona Sowa, Labreto, Castro, SQN, Agora, Winning Moves, Buchmann, Uroboros, Wydawnictwo WAB, Filia, Czarna Owca, No Bell, MARTEL, Trefl Books oraz Helion. Patronem medialnym jest Polskie Radio Lublin<\/p>\n<p><strong>Nagrody<br \/>\n<\/strong>Pula nagr\u00f3d w konkursie wynosi\u00a0<strong>25 tysi\u0119cy z\u0142otych<\/strong>! W\u015br\u00f3d nich s\u0105 nagrody:<\/p>\n<ul>\n<li><strong>dla uczni\u00f3w: <\/strong>Zestawy ksi\u0105\u017cek, gier i puzzli o warto\u015bci 600, 500 i 400 z\u0142otych dla pierwszych trzech miejsc z kategorii: klasy 1-3, klasy 4-8 oraz szko\u0142y ponadpodstawowe,<\/li>\n<li><strong>dla szk\u00f3\u0142: <\/strong>Pi\u0119\u0107 szk\u00f3\u0142, kt\u00f3re najaktywniej b\u0119d\u0105 promowa\u0107 nasz konkurs oraz prze\u015bl\u0105 najwi\u0119ksz\u0105 ilo\u015b\u0107 prac, otrzymaj\u0105 pakiety ksi\u0105\u017cek, gier i puzzli o warto\u015bci 3000 z\u0142otych,<\/li>\n<li><strong>nagroda specjalna:\u00a0<\/strong>Wycieczka zapoznawcza dla 1, aktywnej klasy, po\u0142\u0105czona z warsztatami edukacyjnymi w nowoczesnym centrum dystrybucyjnym firmy Edu-Ksi\u0105\u017cka i ksi\u0119garni Bookland w Lublinie. Z tego miejsca wysy\u0142ane s\u0105 ksi\u0105\u017cki na ca\u0142\u0105 Polsk\u0119! Nasze centrum to ponad 9000 m2 i 4 pi\u0119tra na kt\u00f3rych sk\u0142adowane s\u0105 ksi\u0105\u017cki, gry i zabawki &#8211; prawie jak w fabryce \u015bwi\u0119tego Miko\u0142aja.<\/li>\n<\/ul>\n<p>Pod uwag\u0119 b\u0119d\u0105 brane szko\u0142y, kt\u00f3re spe\u0142ni\u0105 3 poni\u017csze warunki:<\/p>\n<ul>\n<li>Zamieszcz\u0105 link do konkursu na swojej stronie;<\/li>\n<li>Zamieszcz\u0105 informacje o konkursie w swoich mediach spo\u0142eczno\u015bciowych;<\/li>\n<li>Zg\u0142osz\u0105 minimum 10 prac z ca\u0142ej szko\u0142y.<\/li>\n<\/ul>\n<p>Prace oddajemy do 8.11.2024r., w klasach 1-3 do wychowawc\u00f3w, w klasach 4-8 do biblioteki ( p. Beaty Petlakowskiej).<\/p>\n<div id=\"attachment_1085604\" style=\"width: 310px\" class=\"wp-caption aligncenter\"><img loading=\"lazy\" decoding=\"async\" aria-describedby=\"caption-attachment-1085604\" class=\"wp-image-1085604 size-medium\" src=\"http:\/\/zsp5.zory.pl\/wp-content\/uploads\/2024\/10\/Banner-1-300x80.png\" alt=\"\" width=\"300\" height=\"80\" \/><p id=\"caption-attachment-1085604\" class=\"wp-caption-text\">Banner Og\u00f3lnopolskiego konkursu &#8222;Od szkolnej \u0142awki na ok\u0142adki&#8221;.<\/p><\/div>\n<p style=\"text-align: center;\">\n","protected":false},"excerpt":{"rendered":"<p>Og\u00f3lnopolski konkurs &#8222;Ze szkolnej \u0142awki na ok\u0142adki&#8221; Zapraszamy i zach\u0119camy do wzi\u0119cia udzia\u0142u w og\u00f3lnopolskim konkursie \u201cZe szkolnej \u0142awki na ok\u0142adki\u201d pod honorowym patronatem Rzecznika Praw Dziecka oraz Prezydenta Miasta Lublin, kt\u00f3rego organizatorem jest Ksi\u0119garnia Bookland. Konkurs skierowany jest do uczni\u00f3w klas 1-8. Pula nagr\u00f3d w konkursie wynosi 25 tysi\u0119cy z\u0142otych! Zadanie konkursowe podzielone jest [&hellip;]<\/p>\n","protected":false},"author":11,"featured_media":0,"comment_status":"closed","ping_status":"open","sticky":false,"template":"","format":"standard","meta":{"_et_pb_use_builder":"","_et_pb_old_content":"","_et_gb_content_width":"","footnotes":""},"categories":[2,217],"tags":[],"class_list":["post-1085603","post","type-post","status-publish","format-standard","hentry","category-aktualnosci","category-biblioteka_blog"],"_links":{"self":[{"href":"https:\/\/zsp5.zory.pl\/index.php?rest_route=\/wp\/v2\/posts\/1085603","targetHints":{"allow":["GET"]}}],"collection":[{"href":"https:\/\/zsp5.zory.pl\/index.php?rest_route=\/wp\/v2\/posts"}],"about":[{"href":"https:\/\/zsp5.zory.pl\/index.php?rest_route=\/wp\/v2\/types\/post"}],"author":[{"embeddable":true,"href":"https:\/\/zsp5.zory.pl\/index.php?rest_route=\/wp\/v2\/users\/11"}],"replies":[{"embeddable":true,"href":"https:\/\/zsp5.zory.pl\/index.php?rest_route=%2Fwp%2Fv2%2Fcomments&post=1085603"}],"version-history":[{"count":2,"href":"https:\/\/zsp5.zory.pl\/index.php?rest_route=\/wp\/v2\/posts\/1085603\/revisions"}],"predecessor-version":[{"id":1085607,"href":"https:\/\/zsp5.zory.pl\/index.php?rest_route=\/wp\/v2\/posts\/1085603\/revisions\/1085607"}],"wp:attachment":[{"href":"https:\/\/zsp5.zory.pl\/index.php?rest_route=%2Fwp%2Fv2%2Fmedia&parent=1085603"}],"wp:term":[{"taxonomy":"category","embeddable":true,"href":"https:\/\/zsp5.zory.pl\/index.php?rest_route=%2Fwp%2Fv2%2Fcategories&post=1085603"},{"taxonomy":"post_tag","embeddable":true,"href":"https:\/\/zsp5.zory.pl\/index.php?rest_route=%2Fwp%2Fv2%2Ftags&post=1085603"}],"curies":[{"name":"wp","href":"https:\/\/api.w.org\/{rel}","templated":true}]}}