{"id":1085597,"date":"2024-10-17T17:05:56","date_gmt":"2024-10-17T15:05:56","guid":{"rendered":"https:\/\/zsp5.zory.pl\/?p=1085597"},"modified":"2024-10-17T17:06:08","modified_gmt":"2024-10-17T15:06:08","slug":"noc-bibliotek-3","status":"publish","type":"post","link":"https:\/\/zsp5.zory.pl\/?p=1085597","title":{"rendered":"Noc Bibliotek"},"content":{"rendered":"<div class=\"xdj266r x11i5rnm xat24cr x1mh8g0r x1vvkbs x126k92a\">\n<div dir=\"auto\">Ach&#8230; Co to by\u0142a za noc!<\/div>\n<\/div>\n<div class=\"x11i5rnm xat24cr x1mh8g0r x1vvkbs xtlvy1s x126k92a\">\n<div dir=\"auto\">Dnia 11 pa\u017adziernika uczniowie kl. 4-8 wzi\u0119li udzia\u0142 w 10. edycji og\u00f3lnopolskiej akcji Noc Bibliotek pod has\u0142em &#8222;Moc bibliotek&#8221;. By\u0142a to noc pe\u0142na atrakcji i niespodzianek. Nasze wydarzenie rozpocz\u0119li\u015bmy od wys\u0142uchania fragmentu opowiadania pt. &#8222;Burza&#8221; z tomu &#8222;Gorzka czekolada&#8221;, kt\u00f3ry przedstawili nam zaproszeni go\u015bcie: dyrektor MOK &#8211; u w \u017borach &#8211; Damian Halmer, przewodnicz\u0105ca Ko\u0142a Gospody\u0144 Wiejskich w Baranowicach &#8211; Danuta Pyrek oraz dyrektor Zespo\u0142u Szkolno-Przedszkolnego nr 5 &#8211; Renata Ga\u0142u\u017cna. Nast\u0119pnie 10 grup wykorzystuj\u0105c swoje detektywistyczne umiej\u0119tno\u015bci i mapk\u0119, zmierzy\u0142o si\u0119 z szyframi, \u0142amig\u0142\u00f3wkami, ko\u015b\u0107mi Story Cubes oraz zadaniami sportowymi. Nie mog\u0142o te\u017c zabrakn\u0105\u0107 dyskoteki i seansu filmowego. Wydarzenie zaliczamy do bardzo udanych i mamy nadziej\u0119, \u017ce w przysz\u0142ym roku b\u0119dzie powt\u00f3rka.<\/div>\n<\/div>\n<div class=\"x11i5rnm xat24cr x1mh8g0r x1vvkbs xtlvy1s x126k92a\">\n<div dir=\"auto\">Dzi\u0119kujemy firmie AS Vending oraz Radzie Rodzic\u00f3w za zapewnienie kolacji i \u015bniadania.<\/div>\n<\/div>\n","protected":false},"excerpt":{"rendered":"<p>Ach&#8230; Co to by\u0142a za noc! Dnia 11 pa\u017adziernika uczniowie kl. 4-8 wzi\u0119li udzia\u0142 w 10. edycji og\u00f3lnopolskiej akcji Noc Bibliotek pod has\u0142em &#8222;Moc bibliotek&#8221;. By\u0142a to noc pe\u0142na atrakcji i niespodzianek. Nasze wydarzenie rozpocz\u0119li\u015bmy od wys\u0142uchania fragmentu opowiadania pt. &#8222;Burza&#8221; z tomu &#8222;Gorzka czekolada&#8221;, kt\u00f3ry przedstawili nam zaproszeni go\u015bcie: dyrektor MOK &#8211; u w [&hellip;]<\/p>\n","protected":false},"author":11,"featured_media":0,"comment_status":"closed","ping_status":"open","sticky":false,"template":"","format":"standard","meta":{"_et_pb_use_builder":"","_et_pb_old_content":"","_et_gb_content_width":"","footnotes":""},"categories":[2,217],"tags":[],"class_list":["post-1085597","post","type-post","status-publish","format-standard","hentry","category-aktualnosci","category-biblioteka_blog"],"_links":{"self":[{"href":"https:\/\/zsp5.zory.pl\/index.php?rest_route=\/wp\/v2\/posts\/1085597","targetHints":{"allow":["GET"]}}],"collection":[{"href":"https:\/\/zsp5.zory.pl\/index.php?rest_route=\/wp\/v2\/posts"}],"about":[{"href":"https:\/\/zsp5.zory.pl\/index.php?rest_route=\/wp\/v2\/types\/post"}],"author":[{"embeddable":true,"href":"https:\/\/zsp5.zory.pl\/index.php?rest_route=\/wp\/v2\/users\/11"}],"replies":[{"embeddable":true,"href":"https:\/\/zsp5.zory.pl\/index.php?rest_route=%2Fwp%2Fv2%2Fcomments&post=1085597"}],"version-history":[{"count":1,"href":"https:\/\/zsp5.zory.pl\/index.php?rest_route=\/wp\/v2\/posts\/1085597\/revisions"}],"predecessor-version":[{"id":1085598,"href":"https:\/\/zsp5.zory.pl\/index.php?rest_route=\/wp\/v2\/posts\/1085597\/revisions\/1085598"}],"wp:attachment":[{"href":"https:\/\/zsp5.zory.pl\/index.php?rest_route=%2Fwp%2Fv2%2Fmedia&parent=1085597"}],"wp:term":[{"taxonomy":"category","embeddable":true,"href":"https:\/\/zsp5.zory.pl\/index.php?rest_route=%2Fwp%2Fv2%2Fcategories&post=1085597"},{"taxonomy":"post_tag","embeddable":true,"href":"https:\/\/zsp5.zory.pl\/index.php?rest_route=%2Fwp%2Fv2%2Ftags&post=1085597"}],"curies":[{"name":"wp","href":"https:\/\/api.w.org\/{rel}","templated":true}]}}