{"id":1085594,"date":"2024-10-15T17:33:44","date_gmt":"2024-10-15T15:33:44","guid":{"rendered":"https:\/\/zsp5.zory.pl\/?p=1085594"},"modified":"2024-10-15T21:35:11","modified_gmt":"2024-10-15T19:35:11","slug":"pasowanie-na-czytelnika","status":"publish","type":"post","link":"https:\/\/zsp5.zory.pl\/?p=1085594","title":{"rendered":"Pasowanie na czytelnika"},"content":{"rendered":"<p align=\"justify\"><span style=\"color: #000000;\"><span style=\"font-family: Times New Roman, serif;\"><span style=\"font-size: medium;\">11 pa\u017adziernika 2024 odby\u0142o si\u0119 <\/span><\/span><\/span><span style=\"color: #000000;\"><span style=\"font-family: Times New Roman, serif;\"><span style=\"font-size: medium;\">r\u00f3wnie\u017c <\/span><\/span><\/span><span style=\"color: #000000;\"><span style=\"font-family: Times New Roman, serif;\"><span style=\"font-size: medium;\">p<\/span><\/span><\/span><span style=\"color: #000000;\"><span style=\"font-family: Times New Roman, serif;\"><span style=\"font-size: medium;\">asowanie na czytelnika, <\/span><\/span><\/span><span style=\"color: #000000;\"><span style=\"font-family: Times New Roman, serif;\"><span style=\"font-size: medium;\">czyli<\/span><\/span><\/span><span style=\"color: #000000;\"><span style=\"font-family: Times New Roman, serif;\"><span style=\"font-size: medium;\"> oficjalne przyj\u0119cie uczni\u00f3w do grona czytelnik\u00f3w biblioteki. <\/span><\/span><\/span><span style=\"color: #000000;\"><span style=\"font-family: Times New Roman, serif;\"><span style=\"font-size: medium;\">S<\/span><\/span><\/span><span style=\"color: #000000;\"><span style=\"font-family: Times New Roman, serif;\"><span style=\"font-size: medium;\">pecjalnie na t\u0119 okazj\u0119 zosta\u0142a przygotowana kr\u00f3tka cz\u0119\u015b\u0107 artystyczna <\/span><\/span><\/span><span style=\"color: #000000;\"><span style=\"font-family: Times New Roman, serif;\"><span style=\"font-size: medium;\">przez uczni\u00f3w klasy IV b<\/span><\/span><\/span><span style=\"color: #000000;\"><span style=\"font-family: Times New Roman, serif;\"><span style=\"font-size: medium;\">, <\/span><\/span><\/span><span style=\"color: #000000;\"><span style=\"font-family: Times New Roman, serif;\"><span style=\"font-size: medium;\">kt\u00f3rzy <\/span><\/span><\/span><span style=\"color: #000000;\"><span style=\"font-family: Times New Roman, serif;\"><span style=\"font-size: medium;\">przekaza<\/span><\/span><\/span><span style=\"color: #000000;\"><span style=\"font-family: Times New Roman, serif;\"><span style=\"font-size: medium;\">li<\/span><\/span><\/span> <span style=\"color: #000000;\"><span style=\"font-family: Times New Roman, serif;\"><span style=\"font-size: medium;\">pierwszoklasistom <\/span><\/span><\/span><span style=\"color: #000000;\"><span style=\"font-family: Times New Roman, serif;\"><span style=\"font-size: medium;\">pro\u015bby ksi\u0105\u017cki.<\/span><\/span><\/span><span style=\"color: #000000;\"><span style=\"font-family: Times New Roman, serif;\"><span style=\"font-size: medium;\"> Uczniowie klasy I odgadywali, tak\u017ce bajkowe zagadki, kt\u00f3re sprawdzi\u0142y ich znajomo\u015b\u0107 bohater\u00f3w ba\u015bni i bajek. Po takim wprowadzeniu przyszli czytelnicy w obecno\u015bci Pani wychowawczyni z\u0142o\u017cyli uroczyste przyrzeczenie, \u017ce b\u0119d\u0105 kocha\u0107 i szanowa\u0107 ksi\u0105\u017cki, korzysta\u0107 z ich m\u0105dro\u015bci i sumiennie wype\u0142nia\u0107 obowi\u0105zki czytelnika. Po przyrzeczeniu nast\u0105pi\u0142o uroczyste pasowanie na czytelnika, kt\u00f3rego dokona\u0142a Kr\u00f3lowa Ksi\u0105\u017cka. <\/span><\/span><\/span><span style=\"color: #000000;\"><span style=\"font-family: Times New Roman, serif;\"><span style=\"font-size: medium;\">Nasi nowi czytelnicy otrzymali zak\u0142adki do ksi\u0105\u017cki oraz pami\u0105tkowy dyplom, kt\u00f3ry b\u0119dzie im przypomina\u0142 o tym uroczystym wydarzeniu.<\/span><\/span><\/span><\/p>\n","protected":false},"excerpt":{"rendered":"<p>11 pa\u017adziernika 2024 odby\u0142o si\u0119 r\u00f3wnie\u017c pasowanie na czytelnika, czyli oficjalne przyj\u0119cie uczni\u00f3w do grona czytelnik\u00f3w biblioteki. Specjalnie na t\u0119 okazj\u0119 zosta\u0142a przygotowana kr\u00f3tka cz\u0119\u015b\u0107 artystyczna przez uczni\u00f3w klasy IV b, kt\u00f3rzy przekazali pierwszoklasistom pro\u015bby ksi\u0105\u017cki. Uczniowie klasy I odgadywali, tak\u017ce bajkowe zagadki, kt\u00f3re sprawdzi\u0142y ich znajomo\u015b\u0107 bohater\u00f3w ba\u015bni i bajek. Po takim wprowadzeniu przyszli [&hellip;]<\/p>\n","protected":false},"author":11,"featured_media":0,"comment_status":"closed","ping_status":"open","sticky":false,"template":"","format":"standard","meta":{"_et_pb_use_builder":"","_et_pb_old_content":"","_et_gb_content_width":"","footnotes":""},"categories":[2,217],"tags":[],"class_list":["post-1085594","post","type-post","status-publish","format-standard","hentry","category-aktualnosci","category-biblioteka_blog"],"_links":{"self":[{"href":"https:\/\/zsp5.zory.pl\/index.php?rest_route=\/wp\/v2\/posts\/1085594","targetHints":{"allow":["GET"]}}],"collection":[{"href":"https:\/\/zsp5.zory.pl\/index.php?rest_route=\/wp\/v2\/posts"}],"about":[{"href":"https:\/\/zsp5.zory.pl\/index.php?rest_route=\/wp\/v2\/types\/post"}],"author":[{"embeddable":true,"href":"https:\/\/zsp5.zory.pl\/index.php?rest_route=\/wp\/v2\/users\/11"}],"replies":[{"embeddable":true,"href":"https:\/\/zsp5.zory.pl\/index.php?rest_route=%2Fwp%2Fv2%2Fcomments&post=1085594"}],"version-history":[{"count":1,"href":"https:\/\/zsp5.zory.pl\/index.php?rest_route=\/wp\/v2\/posts\/1085594\/revisions"}],"predecessor-version":[{"id":1085595,"href":"https:\/\/zsp5.zory.pl\/index.php?rest_route=\/wp\/v2\/posts\/1085594\/revisions\/1085595"}],"wp:attachment":[{"href":"https:\/\/zsp5.zory.pl\/index.php?rest_route=%2Fwp%2Fv2%2Fmedia&parent=1085594"}],"wp:term":[{"taxonomy":"category","embeddable":true,"href":"https:\/\/zsp5.zory.pl\/index.php?rest_route=%2Fwp%2Fv2%2Fcategories&post=1085594"},{"taxonomy":"post_tag","embeddable":true,"href":"https:\/\/zsp5.zory.pl\/index.php?rest_route=%2Fwp%2Fv2%2Ftags&post=1085594"}],"curies":[{"name":"wp","href":"https:\/\/api.w.org\/{rel}","templated":true}]}}