{"id":1085561,"date":"2024-10-08T20:13:46","date_gmt":"2024-10-08T18:13:46","guid":{"rendered":"https:\/\/zsp5.zory.pl\/?p=1085561"},"modified":"2024-10-09T23:15:27","modified_gmt":"2024-10-09T21:15:27","slug":"rozowa-skrzyneczka","status":"publish","type":"post","link":"https:\/\/zsp5.zory.pl\/?p=1085561","title":{"rendered":"R\u00f3\u017cowa skrzyneczka"},"content":{"rendered":"<div dir=\"auto\">Skrzyneczka przeciw wykluczeniu menstruacyjnemu zawis\u0142a w nowo wyremontowanej toalecie dziewcz\u0105t<\/div>\n<div dir=\"auto\">Dzi\u0119kujemy jednej z mam, kt\u00f3ra tego zakupu dokona\u0142a a p.<span class=\"html-span xdj266r x11i5rnm xat24cr x1mh8g0r xexx8yu x4uap5 x18d9i69 xkhd6sd x1hl2dhg x16tdsg8 x1vvkbs\" style=\"color: #000000;\"> <a class=\"x1i10hfl xjbqb8w x1ejq31n xd10rxx x1sy0etr x17r0tee x972fbf xcfux6l x1qhh985 xm0m39n x9f619 x1ypdohk xt0psk2 xe8uvvx xdj266r x11i5rnm xat24cr x1mh8g0r xexx8yu x4uap5 x18d9i69 xkhd6sd x16tdsg8 x1hl2dhg xggy1nq x1a2a7pz x1sur9pj xkrqix3 x1fey0fg x1s688f\" style=\"color: #000000;\" tabindex=\"0\" role=\"link\" href=\"https:\/\/www.facebook.com\/ana.ujma?__cft__[0]=AZU4GI1REMtiLT362lDhjXEJl5d12bwhJ-GZj1XEIHERGioIt2D0vP5oLrw2lXZ14RF8Ol-qAxRPdSgG7t-nWbcgqAV9Q1caIQ4HnVOp-wlgDtymj5gjVHmKSsW1BSb4jcvUojpHVW94JQYmpTMYqcLkr5uWonLi_wzjfoIVqV9clu_onxsWyvAbJ52mm4o70vQ&amp;__tn__=-]K-R\"><span class=\"xt0psk2\">Annie Ujmie<\/span><\/a> <\/span>i jej Fundacji Jask\u00f3\u0142ka za dostarczanie nam \u015brodk\u00f3w higienicznych.<\/div>\n","protected":false},"excerpt":{"rendered":"<p>Skrzyneczka przeciw wykluczeniu menstruacyjnemu zawis\u0142a w nowo wyremontowanej toalecie dziewcz\u0105t Dzi\u0119kujemy jednej z mam, kt\u00f3ra tego zakupu dokona\u0142a a p. Annie Ujmie i jej Fundacji Jask\u00f3\u0142ka za dostarczanie nam \u015brodk\u00f3w higienicznych.<\/p>\n","protected":false},"author":11,"featured_media":0,"comment_status":"closed","ping_status":"open","sticky":false,"template":"","format":"standard","meta":{"_et_pb_use_builder":"","_et_pb_old_content":"","_et_gb_content_width":"","footnotes":""},"categories":[2],"tags":[406,514],"class_list":["post-1085561","post","type-post","status-publish","format-standard","hentry","category-aktualnosci","tag-anna-ujma","tag-fundacja-jaskolka"],"_links":{"self":[{"href":"https:\/\/zsp5.zory.pl\/index.php?rest_route=\/wp\/v2\/posts\/1085561","targetHints":{"allow":["GET"]}}],"collection":[{"href":"https:\/\/zsp5.zory.pl\/index.php?rest_route=\/wp\/v2\/posts"}],"about":[{"href":"https:\/\/zsp5.zory.pl\/index.php?rest_route=\/wp\/v2\/types\/post"}],"author":[{"embeddable":true,"href":"https:\/\/zsp5.zory.pl\/index.php?rest_route=\/wp\/v2\/users\/11"}],"replies":[{"embeddable":true,"href":"https:\/\/zsp5.zory.pl\/index.php?rest_route=%2Fwp%2Fv2%2Fcomments&post=1085561"}],"version-history":[{"count":1,"href":"https:\/\/zsp5.zory.pl\/index.php?rest_route=\/wp\/v2\/posts\/1085561\/revisions"}],"predecessor-version":[{"id":1085562,"href":"https:\/\/zsp5.zory.pl\/index.php?rest_route=\/wp\/v2\/posts\/1085561\/revisions\/1085562"}],"wp:attachment":[{"href":"https:\/\/zsp5.zory.pl\/index.php?rest_route=%2Fwp%2Fv2%2Fmedia&parent=1085561"}],"wp:term":[{"taxonomy":"category","embeddable":true,"href":"https:\/\/zsp5.zory.pl\/index.php?rest_route=%2Fwp%2Fv2%2Fcategories&post=1085561"},{"taxonomy":"post_tag","embeddable":true,"href":"https:\/\/zsp5.zory.pl\/index.php?rest_route=%2Fwp%2Fv2%2Ftags&post=1085561"}],"curies":[{"name":"wp","href":"https:\/\/api.w.org\/{rel}","templated":true}]}}