{"id":1085512,"date":"2024-10-02T19:13:52","date_gmt":"2024-10-02T17:13:52","guid":{"rendered":"https:\/\/zsp5.zory.pl\/?p=1085512"},"modified":"2024-10-02T19:14:46","modified_gmt":"2024-10-02T17:14:46","slug":"dzien-chlopaka-w-naszej-szkole","status":"publish","type":"post","link":"https:\/\/zsp5.zory.pl\/?p=1085512","title":{"rendered":"Dzie\u0144 ch\u0142opaka w naszej szkole"},"content":{"rendered":"<p>Dzie\u0144 Ch\u0142opaka w naszej szkole obchodzili\u015bmy w wyj\u0105tkowy spos\u00f3b \u2013by\u0142o to <strong>Dzie\u0144 Krawata i Muszki<\/strong>! Ch\u0142opcy mieli okazj\u0119 przyj\u015b\u0107 do szko\u0142y w eleganckich krawatach lub stylowych muszkach, co doda\u0142o ca\u0142emu wydarzeniu odrobin\u0119 szyku i zabawy.\u00a0Na uczni\u00f3w czeka\u0142y tak\u017ce s\u0142odkie niespodzianki \u2013 ka\u017cdy ch\u0142opak otrzyma\u0142 pysznego wafelka od dziewczyn z Samorz\u0105du Uczniowskiego.<\/p>\n<div style=\"width: 1080px;\" class=\"wp-video\"><video class=\"wp-video-shortcode\" id=\"video-1085512-1\" width=\"1080\" height=\"608\" preload=\"metadata\" controls=\"controls\"><source type=\"video\/mp4\" src=\"http:\/\/zsp5.zory.pl\/wp-content\/uploads\/2024\/10\/Dzien-chlopaka-w-naszej-szkole.mp4?_=1\" \/><a href=\"http:\/\/zsp5.zory.pl\/wp-content\/uploads\/2024\/10\/Dzien-chlopaka-w-naszej-szkole.mp4\">http:\/\/zsp5.zory.pl\/wp-content\/uploads\/2024\/10\/Dzien-chlopaka-w-naszej-szkole.mp4<\/a><\/video><\/div>\n<p>Dzie\u0144 Ch\u0142opaka w naszej szkole- filmik ze zdj\u0119ciami.<\/p>\n","protected":false},"excerpt":{"rendered":"<p>Dzie\u0144 Ch\u0142opaka w naszej szkole obchodzili\u015bmy w wyj\u0105tkowy spos\u00f3b \u2013by\u0142o to Dzie\u0144 Krawata i Muszki! Ch\u0142opcy mieli okazj\u0119 przyj\u015b\u0107 do szko\u0142y w eleganckich krawatach lub stylowych muszkach, co doda\u0142o ca\u0142emu wydarzeniu odrobin\u0119 szyku i zabawy.\u00a0Na uczni\u00f3w czeka\u0142y tak\u017ce s\u0142odkie niespodzianki \u2013 ka\u017cdy ch\u0142opak otrzyma\u0142 pysznego wafelka od dziewczyn z Samorz\u0105du Uczniowskiego. Dzie\u0144 Ch\u0142opaka w naszej [&hellip;]<\/p>\n","protected":false},"author":13,"featured_media":0,"comment_status":"closed","ping_status":"open","sticky":false,"template":"","format":"standard","meta":{"_et_pb_use_builder":"","_et_pb_old_content":"","_et_gb_content_width":"","footnotes":""},"categories":[186],"tags":[507,234,228],"class_list":["post-1085512","post","type-post","status-publish","format-standard","hentry","category-samorzad-uczniowski","tag-dzien-chlopaka-w-naszej-szkole","tag-integracja","tag-su"],"_links":{"self":[{"href":"https:\/\/zsp5.zory.pl\/index.php?rest_route=\/wp\/v2\/posts\/1085512","targetHints":{"allow":["GET"]}}],"collection":[{"href":"https:\/\/zsp5.zory.pl\/index.php?rest_route=\/wp\/v2\/posts"}],"about":[{"href":"https:\/\/zsp5.zory.pl\/index.php?rest_route=\/wp\/v2\/types\/post"}],"author":[{"embeddable":true,"href":"https:\/\/zsp5.zory.pl\/index.php?rest_route=\/wp\/v2\/users\/13"}],"replies":[{"embeddable":true,"href":"https:\/\/zsp5.zory.pl\/index.php?rest_route=%2Fwp%2Fv2%2Fcomments&post=1085512"}],"version-history":[{"count":2,"href":"https:\/\/zsp5.zory.pl\/index.php?rest_route=\/wp\/v2\/posts\/1085512\/revisions"}],"predecessor-version":[{"id":1085515,"href":"https:\/\/zsp5.zory.pl\/index.php?rest_route=\/wp\/v2\/posts\/1085512\/revisions\/1085515"}],"wp:attachment":[{"href":"https:\/\/zsp5.zory.pl\/index.php?rest_route=%2Fwp%2Fv2%2Fmedia&parent=1085512"}],"wp:term":[{"taxonomy":"category","embeddable":true,"href":"https:\/\/zsp5.zory.pl\/index.php?rest_route=%2Fwp%2Fv2%2Fcategories&post=1085512"},{"taxonomy":"post_tag","embeddable":true,"href":"https:\/\/zsp5.zory.pl\/index.php?rest_route=%2Fwp%2Fv2%2Ftags&post=1085512"}],"curies":[{"name":"wp","href":"https:\/\/api.w.org\/{rel}","templated":true}]}}