{"id":1085467,"date":"2024-09-20T16:53:40","date_gmt":"2024-09-20T14:53:40","guid":{"rendered":"https:\/\/zsp5.zory.pl\/?p=1085467"},"modified":"2024-09-23T16:54:16","modified_gmt":"2024-09-23T14:54:16","slug":"ogolnopolski-dzien-przedszkolaka","status":"publish","type":"post","link":"https:\/\/zsp5.zory.pl\/?p=1085467","title":{"rendered":"Og\u00f3lnopolski Dzie\u0144 Przedszkolaka"},"content":{"rendered":"<div dir=\"auto\">20.09.2024 r. obchodzili\u015bmy Og\u00f3lnopolski Dzie\u0144 Przedszkolaka. Z tej okazji \u017cyczymy wszystkim Przedszkolakom, aby codziennie spotka\u0142o Was co\u015b mi\u0142ego, fajnego i dobrego. \u017byczymy u\u015bmiechu od ucha do ucha oraz tego aby dni sp\u0119dzone w Przedszkolu up\u0142ywa\u0142y Wam na rozwijaniu licznych talent\u00f3w i piel\u0119gnowaniu rodz\u0105cych si\u0119 przyja\u017ani.<\/div>\n","protected":false},"excerpt":{"rendered":"<p>20.09.2024 r. obchodzili\u015bmy Og\u00f3lnopolski Dzie\u0144 Przedszkolaka. Z tej okazji \u017cyczymy wszystkim Przedszkolakom, aby codziennie spotka\u0142o Was co\u015b mi\u0142ego, fajnego i dobrego. \u017byczymy u\u015bmiechu od ucha do ucha oraz tego aby dni sp\u0119dzone w Przedszkolu up\u0142ywa\u0142y Wam na rozwijaniu licznych talent\u00f3w i piel\u0119gnowaniu rodz\u0105cych si\u0119 przyja\u017ani.<\/p>\n","protected":false},"author":11,"featured_media":0,"comment_status":"closed","ping_status":"open","sticky":false,"template":"","format":"standard","meta":{"_et_pb_use_builder":"","_et_pb_old_content":"","_et_gb_content_width":"","footnotes":""},"categories":[267],"tags":[],"class_list":["post-1085467","post","type-post","status-publish","format-standard","hentry","category-przedszkole-nr-12"],"_links":{"self":[{"href":"https:\/\/zsp5.zory.pl\/index.php?rest_route=\/wp\/v2\/posts\/1085467","targetHints":{"allow":["GET"]}}],"collection":[{"href":"https:\/\/zsp5.zory.pl\/index.php?rest_route=\/wp\/v2\/posts"}],"about":[{"href":"https:\/\/zsp5.zory.pl\/index.php?rest_route=\/wp\/v2\/types\/post"}],"author":[{"embeddable":true,"href":"https:\/\/zsp5.zory.pl\/index.php?rest_route=\/wp\/v2\/users\/11"}],"replies":[{"embeddable":true,"href":"https:\/\/zsp5.zory.pl\/index.php?rest_route=%2Fwp%2Fv2%2Fcomments&post=1085467"}],"version-history":[{"count":1,"href":"https:\/\/zsp5.zory.pl\/index.php?rest_route=\/wp\/v2\/posts\/1085467\/revisions"}],"predecessor-version":[{"id":1085468,"href":"https:\/\/zsp5.zory.pl\/index.php?rest_route=\/wp\/v2\/posts\/1085467\/revisions\/1085468"}],"wp:attachment":[{"href":"https:\/\/zsp5.zory.pl\/index.php?rest_route=%2Fwp%2Fv2%2Fmedia&parent=1085467"}],"wp:term":[{"taxonomy":"category","embeddable":true,"href":"https:\/\/zsp5.zory.pl\/index.php?rest_route=%2Fwp%2Fv2%2Fcategories&post=1085467"},{"taxonomy":"post_tag","embeddable":true,"href":"https:\/\/zsp5.zory.pl\/index.php?rest_route=%2Fwp%2Fv2%2Ftags&post=1085467"}],"curies":[{"name":"wp","href":"https:\/\/api.w.org\/{rel}","templated":true}]}}