{"id":1085460,"date":"2024-09-20T16:47:20","date_gmt":"2024-09-20T14:47:20","guid":{"rendered":"https:\/\/zsp5.zory.pl\/?p=1085460"},"modified":"2024-09-23T16:53:20","modified_gmt":"2024-09-23T14:53:20","slug":"male-dni-baranowic-2","status":"publish","type":"post","link":"https:\/\/zsp5.zory.pl\/?p=1085460","title":{"rendered":",,Ma\u0142e Dni Baranowic&#8221;"},"content":{"rendered":"<p>19.09.2024 r. w naszym przedszkolu odby\u0142 si\u0119 dzie\u0144 integracji pt. ,,Ma\u0142e Dni Baranowic&#8221;. Podczas zaj\u0119\u0107 przedszkolaki obejrza\u0142y prezentacj\u0119 multimedialn\u0105 dotycz\u0105 naszej dzielnicy, a tak\u017ce wykona\u0142y tematyczne prace plastyczno-techniczne. Po zaj\u0119ciach udali\u015bmy si\u0119 na spacer ulicami Baranowic.<\/p>\n","protected":false},"excerpt":{"rendered":"<p>19.09.2024 r. w naszym przedszkolu odby\u0142 si\u0119 dzie\u0144 integracji pt. ,,Ma\u0142e Dni Baranowic&#8221;. Podczas zaj\u0119\u0107 przedszkolaki obejrza\u0142y prezentacj\u0119 multimedialn\u0105 dotycz\u0105 naszej dzielnicy, a tak\u017ce wykona\u0142y tematyczne prace plastyczno-techniczne. Po zaj\u0119ciach udali\u015bmy si\u0119 na spacer ulicami Baranowic.<\/p>\n","protected":false},"author":11,"featured_media":0,"comment_status":"closed","ping_status":"open","sticky":false,"template":"","format":"standard","meta":{"_et_pb_use_builder":"","_et_pb_old_content":"","_et_gb_content_width":"","footnotes":""},"categories":[267],"tags":[],"class_list":["post-1085460","post","type-post","status-publish","format-standard","hentry","category-przedszkole-nr-12"],"_links":{"self":[{"href":"https:\/\/zsp5.zory.pl\/index.php?rest_route=\/wp\/v2\/posts\/1085460","targetHints":{"allow":["GET"]}}],"collection":[{"href":"https:\/\/zsp5.zory.pl\/index.php?rest_route=\/wp\/v2\/posts"}],"about":[{"href":"https:\/\/zsp5.zory.pl\/index.php?rest_route=\/wp\/v2\/types\/post"}],"author":[{"embeddable":true,"href":"https:\/\/zsp5.zory.pl\/index.php?rest_route=\/wp\/v2\/users\/11"}],"replies":[{"embeddable":true,"href":"https:\/\/zsp5.zory.pl\/index.php?rest_route=%2Fwp%2Fv2%2Fcomments&post=1085460"}],"version-history":[{"count":1,"href":"https:\/\/zsp5.zory.pl\/index.php?rest_route=\/wp\/v2\/posts\/1085460\/revisions"}],"predecessor-version":[{"id":1085461,"href":"https:\/\/zsp5.zory.pl\/index.php?rest_route=\/wp\/v2\/posts\/1085460\/revisions\/1085461"}],"wp:attachment":[{"href":"https:\/\/zsp5.zory.pl\/index.php?rest_route=%2Fwp%2Fv2%2Fmedia&parent=1085460"}],"wp:term":[{"taxonomy":"category","embeddable":true,"href":"https:\/\/zsp5.zory.pl\/index.php?rest_route=%2Fwp%2Fv2%2Fcategories&post=1085460"},{"taxonomy":"post_tag","embeddable":true,"href":"https:\/\/zsp5.zory.pl\/index.php?rest_route=%2Fwp%2Fv2%2Ftags&post=1085460"}],"curies":[{"name":"wp","href":"https:\/\/api.w.org\/{rel}","templated":true}]}}