{"id":1085314,"date":"2024-06-07T06:23:39","date_gmt":"2024-06-07T04:23:39","guid":{"rendered":"https:\/\/zsp5.zory.pl\/?p=1085314"},"modified":"2024-06-07T06:23:39","modified_gmt":"2024-06-07T04:23:39","slug":"zamierzenia-dydaktyczno-wychowawcze-na-czerwiec-biedronki","status":"publish","type":"post","link":"https:\/\/zsp5.zory.pl\/?p=1085314","title":{"rendered":"Zamierzenia dydaktyczno-wychowawcze na czerwiec &#8211; Biedronki"},"content":{"rendered":"\n<p>I tydzie\u0144<br>Kr\u0105g tematyczny: Czego dzieci potrzebuj\u0105 do szcz\u0119\u015bcia?<br>Cele:<\/p>\n\n\n\n<ul class=\"wp-block-list\">\n<li>wdra\u017canie do \u015bwiata warto\u015bci,<\/li>\n\n\n\n<li>definiowanie poj\u0119cia \u201eprzyja\u017a\u0144\u201d,<\/li>\n\n\n\n<li>rozwijanie umiej\u0119tno\u015bci stosowania liczebnik\u00f3w porz\u0105dkowych,<\/li>\n\n\n\n<li>zapoznanie z wygl\u0105dem dzieci z r\u00f3\u017cnych zak\u0105tk\u00f3w \u015bwiata,<\/li>\n\n\n\n<li>wsp\u00f3\u0142dzia\u0142anie w grupie,<\/li>\n\n\n\n<li>integracja z r\u00f3wie\u015bnikami.<\/li>\n<\/ul>\n\n\n\n<p>II tydzie\u0144<br>Kr\u0105g tematyczny: Lato, lato, lato czeka.<br>Cele:<\/p>\n\n\n\n<ul class=\"wp-block-list\">\n<li>zapoznanie ze zwi\u0105zkiem frazeologicznym \u201eJeden za wszystkich \u2013 wszyscy za jednego\u201d,<\/li>\n\n\n\n<li>rozwijanie umiej\u0119tno\u015bci dodawania i odejmowania,<\/li>\n\n\n\n<li>rozwijanie umiej\u0119tno\u015bci pracy w grupie,<\/li>\n\n\n\n<li>integrowanie dzieci w grupie.<\/li>\n<\/ul>\n\n\n\n<p>III tydzie\u0144<br>Kr\u0105g tematyczny: Wkr\u00f3tce wakacje.<br>Cele:<\/p>\n\n\n\n<ul class=\"wp-block-list\">\n<li>zapoznanie z miejscami letniego wypoczynku,<\/li>\n\n\n\n<li>rozbudzanie wra\u017cliwo\u015bci estetycznej,<\/li>\n\n\n\n<li>aktywne uczestniczenie w zabawach na \u015bwie\u017cym powietrzu,<\/li>\n\n\n\n<li>wypowiadanie si\u0119 zdaniami z\u0142o\u017conymi,<\/li>\n\n\n\n<li>stosowanie kilkuzdaniowej wypowiedzi,<\/li>\n\n\n\n<li>improwizowanie piosenek ruchem,<\/li>\n\n\n\n<li>poznawanie owoc\u00f3w (truskawki, poziomki, czere\u015bnie, porzeczki).<\/li>\n<\/ul>\n\n\n\n<p>IV tydzie\u0144<br>Kr\u0105g tematyczny: Zwiedzamy \u015bwiat.<br>Cele:<\/p>\n\n\n\n<ul class=\"wp-block-list\">\n<li>stosowanie zwrot\u00f3w: jestem Polakiem, mieszkam w Polsce, m\u00f3wi\u0119 po polsku.<\/li>\n\n\n\n<li>wyja\u015bnienie znaczenia zda\u0144: Jeste\u015bmy Polakami. Jeste\u015bmy Europejczykami.<br>-poznawanie nazw wybranych pa\u0144stw nale\u017c\u0105cych do Unii Europejskiej,<\/li>\n\n\n\n<li>rozpoznawanie liter drukowanych \u2013 ma\u0142ych i wielkich,<\/li>\n\n\n\n<li>zwracanie uwagi na kultur\u0119 spo\u017cywania posi\u0142k\u00f3w.<\/li>\n<\/ul>\n","protected":false},"excerpt":{"rendered":"<p>I tydzie\u0144Kr\u0105g tematyczny: Czego dzieci potrzebuj\u0105 do szcz\u0119\u015bcia?Cele: II tydzie\u0144Kr\u0105g tematyczny: Lato, lato, lato czeka.Cele: III tydzie\u0144Kr\u0105g tematyczny: Wkr\u00f3tce wakacje.Cele: IV tydzie\u0144Kr\u0105g tematyczny: Zwiedzamy \u015bwiat.Cele:<\/p>\n","protected":false},"author":6,"featured_media":0,"comment_status":"closed","ping_status":"open","sticky":false,"template":"","format":"standard","meta":{"_et_pb_use_builder":"","_et_pb_old_content":"","_et_gb_content_width":"","footnotes":""},"categories":[262,4],"tags":[],"class_list":["post-1085314","post","type-post","status-publish","format-standard","hentry","category-grupa-b-biedronki","category-grupy_aktualnosci"],"_links":{"self":[{"href":"https:\/\/zsp5.zory.pl\/index.php?rest_route=\/wp\/v2\/posts\/1085314","targetHints":{"allow":["GET"]}}],"collection":[{"href":"https:\/\/zsp5.zory.pl\/index.php?rest_route=\/wp\/v2\/posts"}],"about":[{"href":"https:\/\/zsp5.zory.pl\/index.php?rest_route=\/wp\/v2\/types\/post"}],"author":[{"embeddable":true,"href":"https:\/\/zsp5.zory.pl\/index.php?rest_route=\/wp\/v2\/users\/6"}],"replies":[{"embeddable":true,"href":"https:\/\/zsp5.zory.pl\/index.php?rest_route=%2Fwp%2Fv2%2Fcomments&post=1085314"}],"version-history":[{"count":1,"href":"https:\/\/zsp5.zory.pl\/index.php?rest_route=\/wp\/v2\/posts\/1085314\/revisions"}],"predecessor-version":[{"id":1085315,"href":"https:\/\/zsp5.zory.pl\/index.php?rest_route=\/wp\/v2\/posts\/1085314\/revisions\/1085315"}],"wp:attachment":[{"href":"https:\/\/zsp5.zory.pl\/index.php?rest_route=%2Fwp%2Fv2%2Fmedia&parent=1085314"}],"wp:term":[{"taxonomy":"category","embeddable":true,"href":"https:\/\/zsp5.zory.pl\/index.php?rest_route=%2Fwp%2Fv2%2Fcategories&post=1085314"},{"taxonomy":"post_tag","embeddable":true,"href":"https:\/\/zsp5.zory.pl\/index.php?rest_route=%2Fwp%2Fv2%2Ftags&post=1085314"}],"curies":[{"name":"wp","href":"https:\/\/api.w.org\/{rel}","templated":true}]}}