{"id":1085309,"date":"2024-05-28T22:24:34","date_gmt":"2024-05-28T20:24:34","guid":{"rendered":"https:\/\/zsp5.zory.pl\/?p=1085309"},"modified":"2024-06-05T22:25:27","modified_gmt":"2024-06-05T20:25:27","slug":"niezwykle-swietowanie-rownie-niezwyklego-jubileuszu-baranowice-swietuja-220-lat-edukacji","status":"publish","type":"post","link":"https:\/\/zsp5.zory.pl\/?p=1085309","title":{"rendered":"Niezwyk\u0142e \u015bwi\u0119towanie r\u00f3wnie niezwyk\u0142ego jubileuszu. Baranowice \u015bwi\u0119tuj\u0105 220 lat edukacji!"},"content":{"rendered":"\n<p>W niezwyk\u0142\u0105 podr\u00f3\u017c, inspirowan\u0105 \u201eAkademi\u0105 Pana Kleksa\u201d zabra\u0142a licznie zgromadzonych go\u015bci spo\u0142eczno\u015b\u0107 Zespo\u0142u Szkolno-Przedszkolnego nr 5 w \u017borach, podczas uroczystej gali z okazji 220-lecia edukacji w Baranowicach! Gala, kt\u00f3ra odby\u0142a si\u0119 w kinie \u201eNa Star\u00f3wce\u201d by\u0142a zwie\u0144czeniem trwaj\u0105cych niemal tydzie\u0144, pe\u0142nych atrakcji jubileuszowych obchod\u00f3w.<\/p>\n\n\n\n<p><a href=\"https:\/\/www.zory.pl\/dla-mieszkancow\/aktualnosci\/aktualnosc\/niezwykle-swietowanie-rownie-niezwyklego-jubileuszu-baranowice-swietuja-220-lat-edukacji\">https:\/\/www.zory.pl\/dla-mieszkancow\/aktualnosci\/aktualnosc\/niezwykle-swietowanie-rownie-niezwyklego-jubileuszu-baranowice-swietuja-220-lat-edukacji<\/a><a href=\"https:\/\/www.zory.pl\/fileadmin\/_processed_\/c\/a\/csm_220lat-edukacji-28_019adef500.jpg\"><\/a><\/p>\n\n\n\n<p><\/p>\n","protected":false},"excerpt":{"rendered":"<p>W niezwyk\u0142\u0105 podr\u00f3\u017c, inspirowan\u0105 \u201eAkademi\u0105 Pana Kleksa\u201d zabra\u0142a licznie zgromadzonych go\u015bci spo\u0142eczno\u015b\u0107 Zespo\u0142u Szkolno-Przedszkolnego nr 5 w \u017borach, podczas uroczystej gali z okazji 220-lecia edukacji w Baranowicach! Gala, kt\u00f3ra odby\u0142a si\u0119 w kinie \u201eNa Star\u00f3wce\u201d by\u0142a zwie\u0144czeniem trwaj\u0105cych niemal tydzie\u0144, pe\u0142nych atrakcji jubileuszowych obchod\u00f3w. https:\/\/www.zory.pl\/dla-mieszkancow\/aktualnosci\/aktualnosc\/niezwykle-swietowanie-rownie-niezwyklego-jubileuszu-baranowice-swietuja-220-lat-edukacji<\/p>\n","protected":false},"author":2,"featured_media":1085243,"comment_status":"closed","ping_status":"open","sticky":false,"template":"","format":"standard","meta":{"_et_pb_use_builder":"","_et_pb_old_content":"","_et_gb_content_width":"","footnotes":""},"categories":[498],"tags":[499],"class_list":["post-1085309","post","type-post","status-publish","format-standard","has-post-thumbnail","hentry","category-media","tag-media-o-nas"],"_links":{"self":[{"href":"https:\/\/zsp5.zory.pl\/index.php?rest_route=\/wp\/v2\/posts\/1085309","targetHints":{"allow":["GET"]}}],"collection":[{"href":"https:\/\/zsp5.zory.pl\/index.php?rest_route=\/wp\/v2\/posts"}],"about":[{"href":"https:\/\/zsp5.zory.pl\/index.php?rest_route=\/wp\/v2\/types\/post"}],"author":[{"embeddable":true,"href":"https:\/\/zsp5.zory.pl\/index.php?rest_route=\/wp\/v2\/users\/2"}],"replies":[{"embeddable":true,"href":"https:\/\/zsp5.zory.pl\/index.php?rest_route=%2Fwp%2Fv2%2Fcomments&post=1085309"}],"version-history":[{"count":1,"href":"https:\/\/zsp5.zory.pl\/index.php?rest_route=\/wp\/v2\/posts\/1085309\/revisions"}],"predecessor-version":[{"id":1085310,"href":"https:\/\/zsp5.zory.pl\/index.php?rest_route=\/wp\/v2\/posts\/1085309\/revisions\/1085310"}],"wp:featuredmedia":[{"embeddable":true,"href":"https:\/\/zsp5.zory.pl\/index.php?rest_route=\/wp\/v2\/media\/1085243"}],"wp:attachment":[{"href":"https:\/\/zsp5.zory.pl\/index.php?rest_route=%2Fwp%2Fv2%2Fmedia&parent=1085309"}],"wp:term":[{"taxonomy":"category","embeddable":true,"href":"https:\/\/zsp5.zory.pl\/index.php?rest_route=%2Fwp%2Fv2%2Fcategories&post=1085309"},{"taxonomy":"post_tag","embeddable":true,"href":"https:\/\/zsp5.zory.pl\/index.php?rest_route=%2Fwp%2Fv2%2Ftags&post=1085309"}],"curies":[{"name":"wp","href":"https:\/\/api.w.org\/{rel}","templated":true}]}}