{"id":1085307,"date":"2024-05-28T22:22:25","date_gmt":"2024-05-28T20:22:25","guid":{"rendered":"https:\/\/zsp5.zory.pl\/?p=1085307"},"modified":"2024-06-05T22:23:46","modified_gmt":"2024-06-05T20:23:46","slug":"zorek-student-odsloniety-w-baranowicach","status":"publish","type":"post","link":"https:\/\/zsp5.zory.pl\/?p=1085307","title":{"rendered":"\u017borek Student ods\u0142oni\u0119ty w Baranowicach"},"content":{"rendered":"\n<p>Przed wej\u015bciem do ZSP 5 w Baranowicach pojawi\u0142 si\u0119 nowy \u017borek w birecie na g\u0142owie oraz z szarf\u0105 upami\u0119tniaj\u0105c\u0105 220 lat edukacji w Baranowicach &#8211; w\u0142a\u015bnie taki jubileusz \u015bwi\u0119tuje w tym roku \u017corska plac\u00f3wka.<\/p>\n\n\n\n<p><a href=\"https:\/\/www.zory.pl\/dla-mieszkancow\/aktualnosci\/aktualnosc\/zorek-student-odsloniety-w-baranowicach\">https:\/\/www.zory.pl\/dla-mieszkancow\/aktualnosci\/aktualnosc\/zorek-student-odsloniety-w-baranowicach<\/a><\/p>\n","protected":false},"excerpt":{"rendered":"<p>Przed wej\u015bciem do ZSP 5 w Baranowicach pojawi\u0142 si\u0119 nowy \u017borek w birecie na g\u0142owie oraz z szarf\u0105 upami\u0119tniaj\u0105c\u0105 220 lat edukacji w Baranowicach &#8211; w\u0142a\u015bnie taki jubileusz \u015bwi\u0119tuje w tym roku \u017corska plac\u00f3wka. https:\/\/www.zory.pl\/dla-mieszkancow\/aktualnosci\/aktualnosc\/zorek-student-odsloniety-w-baranowicach<\/p>\n","protected":false},"author":2,"featured_media":1085243,"comment_status":"closed","ping_status":"open","sticky":false,"template":"","format":"standard","meta":{"_et_pb_use_builder":"","_et_pb_old_content":"","_et_gb_content_width":"","footnotes":""},"categories":[498],"tags":[499],"class_list":["post-1085307","post","type-post","status-publish","format-standard","has-post-thumbnail","hentry","category-media","tag-media-o-nas"],"_links":{"self":[{"href":"https:\/\/zsp5.zory.pl\/index.php?rest_route=\/wp\/v2\/posts\/1085307","targetHints":{"allow":["GET"]}}],"collection":[{"href":"https:\/\/zsp5.zory.pl\/index.php?rest_route=\/wp\/v2\/posts"}],"about":[{"href":"https:\/\/zsp5.zory.pl\/index.php?rest_route=\/wp\/v2\/types\/post"}],"author":[{"embeddable":true,"href":"https:\/\/zsp5.zory.pl\/index.php?rest_route=\/wp\/v2\/users\/2"}],"replies":[{"embeddable":true,"href":"https:\/\/zsp5.zory.pl\/index.php?rest_route=%2Fwp%2Fv2%2Fcomments&post=1085307"}],"version-history":[{"count":1,"href":"https:\/\/zsp5.zory.pl\/index.php?rest_route=\/wp\/v2\/posts\/1085307\/revisions"}],"predecessor-version":[{"id":1085308,"href":"https:\/\/zsp5.zory.pl\/index.php?rest_route=\/wp\/v2\/posts\/1085307\/revisions\/1085308"}],"wp:featuredmedia":[{"embeddable":true,"href":"https:\/\/zsp5.zory.pl\/index.php?rest_route=\/wp\/v2\/media\/1085243"}],"wp:attachment":[{"href":"https:\/\/zsp5.zory.pl\/index.php?rest_route=%2Fwp%2Fv2%2Fmedia&parent=1085307"}],"wp:term":[{"taxonomy":"category","embeddable":true,"href":"https:\/\/zsp5.zory.pl\/index.php?rest_route=%2Fwp%2Fv2%2Fcategories&post=1085307"},{"taxonomy":"post_tag","embeddable":true,"href":"https:\/\/zsp5.zory.pl\/index.php?rest_route=%2Fwp%2Fv2%2Ftags&post=1085307"}],"curies":[{"name":"wp","href":"https:\/\/api.w.org\/{rel}","templated":true}]}}