{"id":1085303,"date":"2024-05-31T22:18:40","date_gmt":"2024-05-31T20:18:40","guid":{"rendered":"https:\/\/zsp5.zory.pl\/?p=1085303"},"modified":"2024-06-05T22:20:07","modified_gmt":"2024-06-05T20:20:07","slug":"220-lat-edukacji-w-baranowicach","status":"publish","type":"post","link":"https:\/\/zsp5.zory.pl\/?p=1085303","title":{"rendered":"220 lat edukacji w Baranowicach"},"content":{"rendered":"\n<p>\u015al\u0105ska Kurator O\u015bwiaty Aleksandra Dyla uczestniczy\u0142a w uroczystych obchodach wspania\u0142ego jubileuszu edukacji w Baranowicach. Spo\u0142eczno\u015b\u0107 Zespo\u0142u Szkolno-Przedszkolnego nr 5 przygotowa\u0142a niezwyk\u0142e widowisko inspirowane \u201eAkademi\u0105 Pana Kleksa\u201d. By\u0142y wspomnienia, muzyka, taniec i teatr. Serdeczne gratulacje dla wspania\u0142ych wykonawc\u00f3w.<\/p>\n\n\n\n<p><a href=\"https:\/\/kuratorium.katowice.pl\/index.php\/kuratorium\/aktualnosci\/220-lat-edukacji-w-baranowicach\">https:\/\/kuratorium.katowice.pl\/index.php\/kuratorium\/aktualnosci\/220-lat-edukacji-w-baranowicach<\/a><\/p>\n","protected":false},"excerpt":{"rendered":"<p>\u015al\u0105ska Kurator O\u015bwiaty Aleksandra Dyla uczestniczy\u0142a w uroczystych obchodach wspania\u0142ego jubileuszu edukacji w Baranowicach. Spo\u0142eczno\u015b\u0107 Zespo\u0142u Szkolno-Przedszkolnego nr 5 przygotowa\u0142a niezwyk\u0142e widowisko inspirowane \u201eAkademi\u0105 Pana Kleksa\u201d. By\u0142y wspomnienia, muzyka, taniec i teatr. Serdeczne gratulacje dla wspania\u0142ych wykonawc\u00f3w. https:\/\/kuratorium.katowice.pl\/index.php\/kuratorium\/aktualnosci\/220-lat-edukacji-w-baranowicach<\/p>\n","protected":false},"author":2,"featured_media":1085243,"comment_status":"closed","ping_status":"open","sticky":false,"template":"","format":"standard","meta":{"_et_pb_use_builder":"","_et_pb_old_content":"","_et_gb_content_width":"","footnotes":""},"categories":[498],"tags":[499],"class_list":["post-1085303","post","type-post","status-publish","format-standard","has-post-thumbnail","hentry","category-media","tag-media-o-nas"],"_links":{"self":[{"href":"https:\/\/zsp5.zory.pl\/index.php?rest_route=\/wp\/v2\/posts\/1085303","targetHints":{"allow":["GET"]}}],"collection":[{"href":"https:\/\/zsp5.zory.pl\/index.php?rest_route=\/wp\/v2\/posts"}],"about":[{"href":"https:\/\/zsp5.zory.pl\/index.php?rest_route=\/wp\/v2\/types\/post"}],"author":[{"embeddable":true,"href":"https:\/\/zsp5.zory.pl\/index.php?rest_route=\/wp\/v2\/users\/2"}],"replies":[{"embeddable":true,"href":"https:\/\/zsp5.zory.pl\/index.php?rest_route=%2Fwp%2Fv2%2Fcomments&post=1085303"}],"version-history":[{"count":1,"href":"https:\/\/zsp5.zory.pl\/index.php?rest_route=\/wp\/v2\/posts\/1085303\/revisions"}],"predecessor-version":[{"id":1085304,"href":"https:\/\/zsp5.zory.pl\/index.php?rest_route=\/wp\/v2\/posts\/1085303\/revisions\/1085304"}],"wp:featuredmedia":[{"embeddable":true,"href":"https:\/\/zsp5.zory.pl\/index.php?rest_route=\/wp\/v2\/media\/1085243"}],"wp:attachment":[{"href":"https:\/\/zsp5.zory.pl\/index.php?rest_route=%2Fwp%2Fv2%2Fmedia&parent=1085303"}],"wp:term":[{"taxonomy":"category","embeddable":true,"href":"https:\/\/zsp5.zory.pl\/index.php?rest_route=%2Fwp%2Fv2%2Fcategories&post=1085303"},{"taxonomy":"post_tag","embeddable":true,"href":"https:\/\/zsp5.zory.pl\/index.php?rest_route=%2Fwp%2Fv2%2Ftags&post=1085303"}],"curies":[{"name":"wp","href":"https:\/\/api.w.org\/{rel}","templated":true}]}}