{"id":1085279,"date":"2024-05-17T12:18:00","date_gmt":"2024-05-17T10:18:00","guid":{"rendered":"https:\/\/zsp5.zory.pl\/?p=1085279"},"modified":"2024-06-01T12:20:28","modified_gmt":"2024-06-01T10:20:28","slug":"220-lat-edukacji-w-baranowicach-bedzie-bieg-mecz-i-uroczysta-gala","status":"publish","type":"post","link":"https:\/\/zsp5.zory.pl\/?p=1085279","title":{"rendered":"220 lat edukacji w Baranowicach. B\u0119dzie bieg, mecz i uroczysta gala"},"content":{"rendered":"\n<p><strong>To b\u0119dzie wyj\u0105tkowy cykl wydarze\u0144, kt\u00f3re ju\u017c 21 maja wystartuj\u0105 w Baranowicach. W tym roku odbywa si\u0119 bowiem jubileusz 220 lat edukacji w tej cz\u0119\u015bci \u017bor. Z tej okazji Zesp\u00f3\u0142 Szkolno-Przedszkolny nr 5 zorganizowa\u0142 wiele atrakcji.<\/strong><\/p>\n\n\n\n<p><a href=\"https:\/\/zory.naszemiasto.pl\/220-lat-edukacji-w-baranowicach-bedzie-bieg-mecz-i\/ar\/c1-9705739\">https:\/\/zory.naszemiasto.pl\/220-lat-edukacji-w-baranowicach-bedzie-bieg-mecz-i\/ar\/c1-9705739<\/a><\/p>\n","protected":false},"excerpt":{"rendered":"<p>To b\u0119dzie wyj\u0105tkowy cykl wydarze\u0144, kt\u00f3re ju\u017c 21 maja wystartuj\u0105 w Baranowicach. W tym roku odbywa si\u0119 bowiem jubileusz 220 lat edukacji w tej cz\u0119\u015bci \u017bor. Z tej okazji Zesp\u00f3\u0142 Szkolno-Przedszkolny nr 5 zorganizowa\u0142 wiele atrakcji. https:\/\/zory.naszemiasto.pl\/220-lat-edukacji-w-baranowicach-bedzie-bieg-mecz-i\/ar\/c1-9705739<\/p>\n","protected":false},"author":2,"featured_media":1085243,"comment_status":"closed","ping_status":"open","sticky":false,"template":"","format":"standard","meta":{"_et_pb_use_builder":"","_et_pb_old_content":"","_et_gb_content_width":"","footnotes":""},"categories":[1,498],"tags":[499],"class_list":["post-1085279","post","type-post","status-publish","format-standard","has-post-thumbnail","hentry","category-bez-kategorii","category-media","tag-media-o-nas"],"_links":{"self":[{"href":"https:\/\/zsp5.zory.pl\/index.php?rest_route=\/wp\/v2\/posts\/1085279","targetHints":{"allow":["GET"]}}],"collection":[{"href":"https:\/\/zsp5.zory.pl\/index.php?rest_route=\/wp\/v2\/posts"}],"about":[{"href":"https:\/\/zsp5.zory.pl\/index.php?rest_route=\/wp\/v2\/types\/post"}],"author":[{"embeddable":true,"href":"https:\/\/zsp5.zory.pl\/index.php?rest_route=\/wp\/v2\/users\/2"}],"replies":[{"embeddable":true,"href":"https:\/\/zsp5.zory.pl\/index.php?rest_route=%2Fwp%2Fv2%2Fcomments&post=1085279"}],"version-history":[{"count":1,"href":"https:\/\/zsp5.zory.pl\/index.php?rest_route=\/wp\/v2\/posts\/1085279\/revisions"}],"predecessor-version":[{"id":1085280,"href":"https:\/\/zsp5.zory.pl\/index.php?rest_route=\/wp\/v2\/posts\/1085279\/revisions\/1085280"}],"wp:featuredmedia":[{"embeddable":true,"href":"https:\/\/zsp5.zory.pl\/index.php?rest_route=\/wp\/v2\/media\/1085243"}],"wp:attachment":[{"href":"https:\/\/zsp5.zory.pl\/index.php?rest_route=%2Fwp%2Fv2%2Fmedia&parent=1085279"}],"wp:term":[{"taxonomy":"category","embeddable":true,"href":"https:\/\/zsp5.zory.pl\/index.php?rest_route=%2Fwp%2Fv2%2Fcategories&post=1085279"},{"taxonomy":"post_tag","embeddable":true,"href":"https:\/\/zsp5.zory.pl\/index.php?rest_route=%2Fwp%2Fv2%2Ftags&post=1085279"}],"curies":[{"name":"wp","href":"https:\/\/api.w.org\/{rel}","templated":true}]}}