{"id":1085277,"date":"2024-04-24T12:17:00","date_gmt":"2024-04-24T10:17:00","guid":{"rendered":"https:\/\/zsp5.zory.pl\/?p=1085277"},"modified":"2024-06-01T12:18:21","modified_gmt":"2024-06-01T10:18:21","slug":"glosujcie-na-madrale-z-baranowic-laureatow-etapu-krajowego-europejskiego-konkursu-statystycznego","status":"publish","type":"post","link":"https:\/\/zsp5.zory.pl\/?p=1085277","title":{"rendered":"G\u0142osujcie na M\u0105drale z Baranowic &#8211; laureat\u00f3w etapu krajowego Europejskiego Konkursu Statystycznego!"},"content":{"rendered":"\n<p>Uczniowie Szko\u0142y Podstawowej nr 5 potrzebuj\u0105 Waszych g\u0142os\u00f3w, aby zakwalifikowa\u0107 si\u0119 do fina\u0142u Europejskiego Konkursu Statystycznego. O zwyci\u0119stwie zdecyduje komisja, ale r\u00f3wnie\u017c internauci, dlatego zach\u0119camy do oddania g\u0142osu na baranowickie M\u0105drale.<\/p>\n\n\n\n<p><a href=\"https:\/\/www.zory.pl\/dla-mieszkancow\/aktualnosci\/aktualnosc\/glosujcie-na-madrale-z-baranowic-laureatow-etapu-krajowego-europejskiego-konkursu-statystycznego\">https:\/\/www.zory.pl\/dla-mieszkancow\/aktualnosci\/aktualnosc\/glosujcie-na-madrale-z-baranowic-laureatow-etapu-krajowego-europejskiego-konkursu-statystycznego<\/a><\/p>\n","protected":false},"excerpt":{"rendered":"<p>Uczniowie Szko\u0142y Podstawowej nr 5 potrzebuj\u0105 Waszych g\u0142os\u00f3w, aby zakwalifikowa\u0107 si\u0119 do fina\u0142u Europejskiego Konkursu Statystycznego. O zwyci\u0119stwie zdecyduje komisja, ale r\u00f3wnie\u017c internauci, dlatego zach\u0119camy do oddania g\u0142osu na baranowickie M\u0105drale. https:\/\/www.zory.pl\/dla-mieszkancow\/aktualnosci\/aktualnosc\/glosujcie-na-madrale-z-baranowic-laureatow-etapu-krajowego-europejskiego-konkursu-statystycznego<\/p>\n","protected":false},"author":2,"featured_media":1085243,"comment_status":"closed","ping_status":"open","sticky":false,"template":"","format":"standard","meta":{"_et_pb_use_builder":"","_et_pb_old_content":"","_et_gb_content_width":"","footnotes":""},"categories":[498],"tags":[499],"class_list":["post-1085277","post","type-post","status-publish","format-standard","has-post-thumbnail","hentry","category-media","tag-media-o-nas"],"_links":{"self":[{"href":"https:\/\/zsp5.zory.pl\/index.php?rest_route=\/wp\/v2\/posts\/1085277","targetHints":{"allow":["GET"]}}],"collection":[{"href":"https:\/\/zsp5.zory.pl\/index.php?rest_route=\/wp\/v2\/posts"}],"about":[{"href":"https:\/\/zsp5.zory.pl\/index.php?rest_route=\/wp\/v2\/types\/post"}],"author":[{"embeddable":true,"href":"https:\/\/zsp5.zory.pl\/index.php?rest_route=\/wp\/v2\/users\/2"}],"replies":[{"embeddable":true,"href":"https:\/\/zsp5.zory.pl\/index.php?rest_route=%2Fwp%2Fv2%2Fcomments&post=1085277"}],"version-history":[{"count":1,"href":"https:\/\/zsp5.zory.pl\/index.php?rest_route=\/wp\/v2\/posts\/1085277\/revisions"}],"predecessor-version":[{"id":1085278,"href":"https:\/\/zsp5.zory.pl\/index.php?rest_route=\/wp\/v2\/posts\/1085277\/revisions\/1085278"}],"wp:featuredmedia":[{"embeddable":true,"href":"https:\/\/zsp5.zory.pl\/index.php?rest_route=\/wp\/v2\/media\/1085243"}],"wp:attachment":[{"href":"https:\/\/zsp5.zory.pl\/index.php?rest_route=%2Fwp%2Fv2%2Fmedia&parent=1085277"}],"wp:term":[{"taxonomy":"category","embeddable":true,"href":"https:\/\/zsp5.zory.pl\/index.php?rest_route=%2Fwp%2Fv2%2Fcategories&post=1085277"},{"taxonomy":"post_tag","embeddable":true,"href":"https:\/\/zsp5.zory.pl\/index.php?rest_route=%2Fwp%2Fv2%2Ftags&post=1085277"}],"curies":[{"name":"wp","href":"https:\/\/api.w.org\/{rel}","templated":true}]}}