{"id":1085224,"date":"2024-06-04T09:19:53","date_gmt":"2024-06-04T07:19:53","guid":{"rendered":"https:\/\/zsp5.zory.pl\/?p=1085224"},"modified":"2024-06-04T09:19:53","modified_gmt":"2024-06-04T07:19:53","slug":"zamierzenia-dydaktyczno-wychowawcze-na-czerwiec-zabki","status":"publish","type":"post","link":"https:\/\/zsp5.zory.pl\/?p=1085224","title":{"rendered":"Zamierzenia dydaktyczno-wychowawcze na czerwiec &#8211; \u017babki"},"content":{"rendered":"\n<p>I kr\u0105g tematyczny: &#8222;Czego potrzebuj\u0105 dzieci do szcz\u0119\u015bcia?&#8221;<\/p>\n\n\n\n<p>Cele:<\/p>\n\n\n\n<p>&#8211; rozwijanie umiej\u0119tno\u015bci wczuwania si\u0119 w sytuacj\u0119 innych,<\/p>\n\n\n\n<p>&#8211; rozwijanie umiej\u0119tno\u015bci stosowania liczebnik\u00f3w porz\u0105dkowych,<\/p>\n\n\n\n<p>&#8211; zapoznanie z zabawami z r\u00f3\u017cnych zak\u0105tk\u00f3w \u015bwiata,<\/p>\n\n\n\n<p>&#8211; integrowanie si\u0119 z r\u00f3wie\u015bnikami,<\/p>\n\n\n\n<p>&#8211; rozwijanie umiej\u0119tno\u015bci czytania.<\/p>\n\n\n\n<p>II kr\u0105g tematyczny: &#8222;Lato, lato, lato czeka&#8221;<\/p>\n\n\n\n<p>Cele:<\/p>\n\n\n\n<p>&#8211; rozwijanie umiej\u0119tno\u015bci wsp\u00f3\u0142dzia\u0142ania,<\/p>\n\n\n\n<p>&#8211; rozwijanie umiej\u0119tno\u015bci dodawania i odejmowania,<\/p>\n\n\n\n<p>&#8211; rozwijanie wyobra\u017ani,<\/p>\n\n\n\n<p>&#8211; rozwijanie my\u015blenia logicznego.&nbsp;<\/p>\n\n\n\n<p>III kr\u0105g tematyczny: &#8222;Wkr\u00f3tce wakacje&#8221;<\/p>\n\n\n\n<p>Cele:<\/p>\n\n\n\n<p>&#8211; zapoznanie z miejscami letniego wypoczynku,<\/p>\n\n\n\n<p>&#8211; wyrabianie dykcji i artykulacji,<\/p>\n\n\n\n<p>&#8211; wdra\u017canie do przestrzegania zasad bezpiecze\u0144stwa,<\/p>\n\n\n\n<p>&#8211; rozwijanie poczucia satysfakcji z wykonanej pracy.&nbsp;<\/p>\n\n\n\n<p>IV kr\u0105g tematyczny: &#8222;Zwiedzamy \u015bwiat&#8221;<br>Cele:<\/p>\n\n\n\n<p>&#8211; zapoznanie z ciekawymi miejscami na \u015bwiecie,<\/p>\n\n\n\n<p>&#8211; poznanie kraj\u00f3w s\u0105siaduj\u0105cych z Polsk\u0105,<\/p>\n\n\n\n<p>&#8211; zapoznanie z potrawami z innych pa\u0144stw,<\/p>\n\n\n\n<p>&#8211; zdobywanie informacji na temat ciekawych miejsc w Europie,<\/p>\n\n\n\n<p>&#8211; stymulowanie do poznawania i odkrywania \u015bwiata.<\/p>\n\n\n\n<p>Wa\u017cne wydarzenia:<br>03.05. &#8211; 07.05.2024 &#8211; Tygodniowe obchody &#8222;Dnia Dziecka&#8221;<\/p>\n\n\n\n<p>19.05.2024 r. godz. 15:30 &#8211; Uroczyste zako\u0144czenie edukacji przedszkolnej dzieci ucz\u0119szczaj\u0105cych do &#8222;starszak\u00f3w&#8221;<\/p>\n","protected":false},"excerpt":{"rendered":"<p>I kr\u0105g tematyczny: &#8222;Czego potrzebuj\u0105 dzieci do szcz\u0119\u015bcia?&#8221; Cele: &#8211; rozwijanie umiej\u0119tno\u015bci wczuwania si\u0119 w sytuacj\u0119 innych, &#8211; rozwijanie umiej\u0119tno\u015bci stosowania liczebnik\u00f3w porz\u0105dkowych, &#8211; zapoznanie z zabawami z r\u00f3\u017cnych zak\u0105tk\u00f3w \u015bwiata, &#8211; integrowanie si\u0119 z r\u00f3wie\u015bnikami, &#8211; rozwijanie umiej\u0119tno\u015bci czytania. II kr\u0105g tematyczny: &#8222;Lato, lato, lato czeka&#8221; Cele: &#8211; rozwijanie umiej\u0119tno\u015bci wsp\u00f3\u0142dzia\u0142ania, &#8211; rozwijanie umiej\u0119tno\u015bci [&hellip;]<\/p>\n","protected":false},"author":6,"featured_media":0,"comment_status":"closed","ping_status":"open","sticky":false,"template":"","format":"standard","meta":{"_et_pb_use_builder":"","_et_pb_old_content":"","_et_gb_content_width":"","footnotes":""},"categories":[263,4],"tags":[],"class_list":["post-1085224","post","type-post","status-publish","format-standard","hentry","category-grupa-c-zabki","category-grupy_aktualnosci"],"_links":{"self":[{"href":"https:\/\/zsp5.zory.pl\/index.php?rest_route=\/wp\/v2\/posts\/1085224","targetHints":{"allow":["GET"]}}],"collection":[{"href":"https:\/\/zsp5.zory.pl\/index.php?rest_route=\/wp\/v2\/posts"}],"about":[{"href":"https:\/\/zsp5.zory.pl\/index.php?rest_route=\/wp\/v2\/types\/post"}],"author":[{"embeddable":true,"href":"https:\/\/zsp5.zory.pl\/index.php?rest_route=\/wp\/v2\/users\/6"}],"replies":[{"embeddable":true,"href":"https:\/\/zsp5.zory.pl\/index.php?rest_route=%2Fwp%2Fv2%2Fcomments&post=1085224"}],"version-history":[{"count":1,"href":"https:\/\/zsp5.zory.pl\/index.php?rest_route=\/wp\/v2\/posts\/1085224\/revisions"}],"predecessor-version":[{"id":1085287,"href":"https:\/\/zsp5.zory.pl\/index.php?rest_route=\/wp\/v2\/posts\/1085224\/revisions\/1085287"}],"wp:attachment":[{"href":"https:\/\/zsp5.zory.pl\/index.php?rest_route=%2Fwp%2Fv2%2Fmedia&parent=1085224"}],"wp:term":[{"taxonomy":"category","embeddable":true,"href":"https:\/\/zsp5.zory.pl\/index.php?rest_route=%2Fwp%2Fv2%2Fcategories&post=1085224"},{"taxonomy":"post_tag","embeddable":true,"href":"https:\/\/zsp5.zory.pl\/index.php?rest_route=%2Fwp%2Fv2%2Ftags&post=1085224"}],"curies":[{"name":"wp","href":"https:\/\/api.w.org\/{rel}","templated":true}]}}