{"id":1085108,"date":"2024-05-15T11:48:33","date_gmt":"2024-05-15T09:48:33","guid":{"rendered":"https:\/\/zsp5.zory.pl\/?p=1085108"},"modified":"2024-05-15T13:53:14","modified_gmt":"2024-05-15T11:53:14","slug":"sprawozdania-czesciowe-z-podjetych-dzialan","status":"publish","type":"post","link":"https:\/\/zsp5.zory.pl\/?p=1085108","title":{"rendered":"Sprawozdania cz\u0119\u015bciowe z podj\u0119tych dzia\u0142a\u0144."},"content":{"rendered":"\n<p><strong>Warsztaty cukiernicze<\/strong><\/p>\n\n\n\n<p>Od 4. marca  do 6. maja w ramach zaplanowanych w projekcie dzia\u0142a\u0144,&nbsp; w naszej szkole odby\u0142y si\u0119 warsztaty cukiernicze, kt\u00f3re&nbsp; poprowadzi\u0142a pani Renata Martyna \u2013 mistrzyni \u015bwiata w zdobieniu tort\u00f3w.&nbsp; Nasi uczniowie wraz z rodzicami udekorowali ciasteczka oraz upiekli ciasta. Upieczone s\u0142odko\u015bci&nbsp; zapakowano w pude\u0142ka jednorazowe i&nbsp; sprzedano w charytatywnej cukierence. Doch\u00f3d z cukierenki zosta\u0142 przeznaczony&nbsp; na Fundacj\u0119 Gdy Liczy si\u0119 Czas.<\/p>\n\n\n\n<p><\/p>\n\n\n\n<p><strong>Warsztaty &nbsp; interpersonalne<\/strong><\/p>\n\n\n\n<p>W dniach od 4 \u2013 25.04.2024r., w zwi\u0105zku z projektem grantowym Po prostu&nbsp; RAZEM! \u201eSimply TOGETHER!\u201d,&nbsp; w naszej szkole zosta\u0142y przeprowadzone warsztaty interpersonalne dla klas 4-7.&nbsp; Warsztaty mia\u0142y na celu integracj\u0119 zespo\u0142u klasowego.&nbsp; Nasi uczniowie uczestniczyli w spotkaniach popo\u0142udniami, bior\u0105c aktywny udzia\u0142 w grach i zabawach&nbsp; na \u0142onie natury. Uczestnicy warsztat\u00f3w mieli r\u00f3wnie\u017c okazj\u0119 to sp\u0119dzenia aktywnego czasu wraz ze swoimi wychowawcami. Ka\u017cde spotkanie zako\u0144czone by\u0142o wsp\u00f3lnym grillowaniem.&nbsp;<\/p>\n\n\n\n<p><\/p>\n\n\n\n<p><strong>Wycieczka do kina<\/strong><\/p>\n\n\n\n<p>22. marca br.,&nbsp; w zwi\u0105zku z projektem grantowym Po prostu&nbsp; RAZEM! \u201eSimply TOGETHER!\u201d,&nbsp; uczniowie klas 4-7 wraz ze swoimi wychowawcami udali si\u0119 na wycieczk\u0119 integracyjn\u0105 do Kina na Star\u00f3wce w \u017borach, gdzie zobaczyli film \u201eZa du\u017cy na bajki 2\u201d.&nbsp; Wyj\u015bcie to by\u0142o r\u00f3wnie\u017c okazj\u0105 do uczczenia przypadaj\u0105cego dzie\u0144 wcze\u015bniej Dnia Wagarowicza. Film z kolei by\u0142 \u015bwietnym pocz\u0105tkiem rozm\u00f3w o przyja\u017ani, tolerancji i problemach wieku nastoletniego.&nbsp;<\/p>\n\n\n\n<p><strong>Teledysk<\/strong><\/p>\n\n\n\n<p>5. kwietnia kilkoro uczni\u00f3w naszej szko\u0142y uda\u0142o si\u0119 do siedziby Radia \u017bory, aby pod czujnym okiem profesjonalist\u00f3w nagra\u0107 \u015bcie\u017ck\u0119 d\u017awi\u0119kow\u0105 do nowego teledysku. Dzia\u0142anie to jest mo\u017cliwe dzi\u0119ki wygranemu projektowi grantowemu Po prostu&nbsp; RAZEM! \u201eSimply TOGETHER!\u201d. Teledysk dost\u0119pny po pobrania pod linkiem : <a href=\"https:\/\/wetransfer.com\/downloads\/bafb122c589a786c2761e7cb12809c1820240514182336\/4a1131cea3ba2097c13a89feb1a27b4420240514182359\/2aea71\">https:\/\/wetransfer.com\/downloads\/bafb122c589a786c2761e7cb12809c1820240514182336\/4a1131cea3ba2097c13a89feb1a27b4420240514182359\/2aea71<\/a><\/p>\n\n\n\n<p><\/p>\n\n\n\n<p><strong>Podcast<\/strong><\/p>\n\n\n\n<p>Jednym z wielu zaplanowanych w projekcie grantowym \u201ePo prostu RAZEM!&nbsp; Simply TOGETHER!\u201d&nbsp; dzia\u0142a\u0144&nbsp; by\u0142o nagranie podcastu, kt\u00f3ry ma przybli\u017cy\u0107 s\u0142uchaczom realia polskiej szko\u0142y oraz ukrai\u0144skiej. Pani Lucyna S\u0142owiak, kt\u00f3ra jest sekretarzem w Zespole Szkolno \u2013 Przedszkolnym nr 5 w \u017borach powraca wspomnieniami do dawnych lat oraz opowiada o szkole dawniej i dzi\u015b. Pani Alona&nbsp; &#8211; pomoc nauczyciela, opowiada o edukacji w Ukrainie.&nbsp;<\/p>\n\n\n\n<figure class=\"wp-block-embed is-type-rich is-provider-spotify wp-block-embed-spotify wp-embed-aspect-21-9 wp-has-aspect-ratio\"><div class=\"wp-block-embed__wrapper\">\n<iframe title=\"Spotify Embed: Pani Lucyna Sekretarz Szko\u0142y w Baranowicach\" style=\"border-radius: 12px\" width=\"100%\" height=\"152\" frameborder=\"0\" allowfullscreen allow=\"autoplay; clipboard-write; encrypted-media; fullscreen; picture-in-picture\" loading=\"lazy\" src=\"https:\/\/open.spotify.com\/embed\/episode\/3X9apnUkGZo1S4sXE2CSFx?si=jXjey5RlSmeZbng19NUY7w&#038;utm_source=oembed\"><\/iframe>\n<\/div><\/figure>\n\n\n\n<figure class=\"wp-block-embed is-type-rich is-provider-spotify wp-block-embed-spotify wp-embed-aspect-21-9 wp-has-aspect-ratio\"><div class=\"wp-block-embed__wrapper\">\n<iframe title=\"Spotify Embed: Pani Alona- pomoc nauczyciela\" style=\"border-radius: 12px\" width=\"100%\" height=\"152\" frameborder=\"0\" allowfullscreen allow=\"autoplay; clipboard-write; encrypted-media; fullscreen; picture-in-picture\" loading=\"lazy\" src=\"https:\/\/open.spotify.com\/embed\/episode\/5kA1WT1qmTDhr7Hw57twZb?si=WQSqtuF0SK24xBFu-j9oDQ&#038;utm_source=oembed\"><\/iframe>\n<\/div><\/figure>\n\n\n\n<p>Dzia\u0142ania odby\u0142y si\u0119 w ramach projektu IOM &#8222;Po prostu RAZEM! Simply TOGETHER&#8221;&nbsp; finansowanego przez Stany Zjednoczone Ameryki&#8221;<\/p>\n\n\n\n<p><strong>Gra miejska<\/strong><\/p>\n\n\n\n<p>14. maja uczniowie naszej szko\u0142y wzi\u0119li udzia\u0142\u00a0 w grze miejskiej, kt\u00f3ra by\u0142a jednym z wielu dzia\u0142a\u0144 zaplanowanych w projekcie grantowym \u201ePo prostu RAZEM! Simply TOGETHER!\u201d. Gra mia\u0142a na celu integracj\u0119 spo\u0142eczno\u015bci lokalnej oraz migranckiej oraz przybli\u017cenie uczniom historii Polski i Ukrainy. Uczniowie w dobrych humorach rozwi\u0105zywali r\u00f3\u017cne quizy i zagadki.<\/p>\n\n\n\n<figure class=\"wp-block-image size-full\"><img loading=\"lazy\" decoding=\"async\" width=\"25411\" height=\"7928\" src=\"http:\/\/zsp5.zory.pl\/wp-content\/uploads\/2024\/02\/IOM_PRM_PL3.png\" alt=\"\" class=\"wp-image-1084878\"\/><\/figure>\n","protected":false},"excerpt":{"rendered":"<p>Warsztaty cukiernicze Od 4. marca do 6. maja w ramach zaplanowanych w projekcie dzia\u0142a\u0144,&nbsp; w naszej szkole odby\u0142y si\u0119 warsztaty cukiernicze, kt\u00f3re&nbsp; poprowadzi\u0142a pani Renata Martyna \u2013 mistrzyni \u015bwiata w zdobieniu tort\u00f3w.&nbsp; Nasi uczniowie wraz z rodzicami udekorowali ciasteczka oraz upiekli ciasta. Upieczone s\u0142odko\u015bci&nbsp; zapakowano w pude\u0142ka jednorazowe i&nbsp; sprzedano w charytatywnej cukierence. Doch\u00f3d z [&hellip;]<\/p>\n","protected":false},"author":8,"featured_media":0,"comment_status":"closed","ping_status":"open","sticky":false,"template":"","format":"standard","meta":{"_et_pb_use_builder":"","_et_pb_old_content":"","_et_gb_content_width":"","footnotes":""},"categories":[1,430],"tags":[],"class_list":["post-1085108","post","type-post","status-publish","format-standard","hentry","category-bez-kategorii","category-granty1_sprawozdanie-merytoryczne"],"_links":{"self":[{"href":"https:\/\/zsp5.zory.pl\/index.php?rest_route=\/wp\/v2\/posts\/1085108","targetHints":{"allow":["GET"]}}],"collection":[{"href":"https:\/\/zsp5.zory.pl\/index.php?rest_route=\/wp\/v2\/posts"}],"about":[{"href":"https:\/\/zsp5.zory.pl\/index.php?rest_route=\/wp\/v2\/types\/post"}],"author":[{"embeddable":true,"href":"https:\/\/zsp5.zory.pl\/index.php?rest_route=\/wp\/v2\/users\/8"}],"replies":[{"embeddable":true,"href":"https:\/\/zsp5.zory.pl\/index.php?rest_route=%2Fwp%2Fv2%2Fcomments&post=1085108"}],"version-history":[{"count":13,"href":"https:\/\/zsp5.zory.pl\/index.php?rest_route=\/wp\/v2\/posts\/1085108\/revisions"}],"predecessor-version":[{"id":1085202,"href":"https:\/\/zsp5.zory.pl\/index.php?rest_route=\/wp\/v2\/posts\/1085108\/revisions\/1085202"}],"wp:attachment":[{"href":"https:\/\/zsp5.zory.pl\/index.php?rest_route=%2Fwp%2Fv2%2Fmedia&parent=1085108"}],"wp:term":[{"taxonomy":"category","embeddable":true,"href":"https:\/\/zsp5.zory.pl\/index.php?rest_route=%2Fwp%2Fv2%2Fcategories&post=1085108"},{"taxonomy":"post_tag","embeddable":true,"href":"https:\/\/zsp5.zory.pl\/index.php?rest_route=%2Fwp%2Fv2%2Ftags&post=1085108"}],"curies":[{"name":"wp","href":"https:\/\/api.w.org\/{rel}","templated":true}]}}