{"id":1085063,"date":"2024-04-26T12:37:52","date_gmt":"2024-04-26T10:37:52","guid":{"rendered":"https:\/\/zsp5.zory.pl\/?p=1085063"},"modified":"2024-05-06T12:39:25","modified_gmt":"2024-05-06T10:39:25","slug":"sukces-w-xii-miejskim-konkursie-gwary-slaskiej","status":"publish","type":"post","link":"https:\/\/zsp5.zory.pl\/?p=1085063","title":{"rendered":"Sukces w XII Miejskim Konkursie Gwary \u015al\u0105skiej"},"content":{"rendered":"\n<p>25.04.2024 r. Emilka z grupy Biedronek reprezentowa\u0142a nasze przedszkole w XII Miejskim Konkursie Gwary \u015al\u0105skiej. Jury ocenia\u0142o wyst\u0119py pod wzgl\u0119dem poprawno\u015bci gwary \u015bl\u0105skiej i doceni\u0142o pi\u0119kn\u0105 recytacj\u0119 wiersza Marka Szo\u0142tyska pt. &#8222;Wiosenne mlycze&#8221; II miejscem. Serdecznie gratulujemy i \u017cyczymy dalszych sukces\u00f3w<\/p>\n","protected":false},"excerpt":{"rendered":"<p>25.04.2024 r. Emilka z grupy Biedronek reprezentowa\u0142a nasze przedszkole w XII Miejskim Konkursie Gwary \u015al\u0105skiej. Jury ocenia\u0142o wyst\u0119py pod wzgl\u0119dem poprawno\u015bci gwary \u015bl\u0105skiej i doceni\u0142o pi\u0119kn\u0105 recytacj\u0119 wiersza Marka Szo\u0142tyska pt. &#8222;Wiosenne mlycze&#8221; II miejscem. Serdecznie gratulujemy i \u017cyczymy dalszych sukces\u00f3w<\/p>\n","protected":false},"author":11,"featured_media":0,"comment_status":"closed","ping_status":"open","sticky":false,"template":"","format":"standard","meta":{"_et_pb_use_builder":"","_et_pb_old_content":"","_et_gb_content_width":"","footnotes":""},"categories":[4,179],"tags":[],"class_list":["post-1085063","post","type-post","status-publish","format-standard","hentry","category-grupy_aktualnosci","category-sukcesy-uczniow"],"_links":{"self":[{"href":"https:\/\/zsp5.zory.pl\/index.php?rest_route=\/wp\/v2\/posts\/1085063","targetHints":{"allow":["GET"]}}],"collection":[{"href":"https:\/\/zsp5.zory.pl\/index.php?rest_route=\/wp\/v2\/posts"}],"about":[{"href":"https:\/\/zsp5.zory.pl\/index.php?rest_route=\/wp\/v2\/types\/post"}],"author":[{"embeddable":true,"href":"https:\/\/zsp5.zory.pl\/index.php?rest_route=\/wp\/v2\/users\/11"}],"replies":[{"embeddable":true,"href":"https:\/\/zsp5.zory.pl\/index.php?rest_route=%2Fwp%2Fv2%2Fcomments&post=1085063"}],"version-history":[{"count":2,"href":"https:\/\/zsp5.zory.pl\/index.php?rest_route=\/wp\/v2\/posts\/1085063\/revisions"}],"predecessor-version":[{"id":1085065,"href":"https:\/\/zsp5.zory.pl\/index.php?rest_route=\/wp\/v2\/posts\/1085063\/revisions\/1085065"}],"wp:attachment":[{"href":"https:\/\/zsp5.zory.pl\/index.php?rest_route=%2Fwp%2Fv2%2Fmedia&parent=1085063"}],"wp:term":[{"taxonomy":"category","embeddable":true,"href":"https:\/\/zsp5.zory.pl\/index.php?rest_route=%2Fwp%2Fv2%2Fcategories&post=1085063"},{"taxonomy":"post_tag","embeddable":true,"href":"https:\/\/zsp5.zory.pl\/index.php?rest_route=%2Fwp%2Fv2%2Ftags&post=1085063"}],"curies":[{"name":"wp","href":"https:\/\/api.w.org\/{rel}","templated":true}]}}