{"id":1085017,"date":"2024-04-17T20:05:47","date_gmt":"2024-04-17T18:05:47","guid":{"rendered":"https:\/\/zsp5.zory.pl\/?p=1085017"},"modified":"2024-09-23T17:01:49","modified_gmt":"2024-09-23T15:01:49","slug":"dyzur-wakacyjny","status":"publish","type":"post","link":"https:\/\/zsp5.zory.pl\/?p=1085017","title":{"rendered":"Dy\u017cur wakacyjny w przedszkolu"},"content":{"rendered":"\n<p>Informujemy, \u017ce przedszkole b\u0119dzie pe\u0142ni\u0142o dy\u017cur wakacyjny\u00a0<strong>wy\u0142\u0105cznie dla wychowank\u00f3w naszego przedszkola w terminie\u00a0od 1 lipca 2024 do 9 sierpnia 2024<\/strong>. <\/p>\n\n\n\n<p>Zapisy na dy\u017cur wakacyjny w tym roku odbywa\u0107 si\u0119 b\u0119d\u0105 w spos\u00f3b elektroniczny przez formularz <a href=\"https:\/\/www.zapisy.zory.pl\/p12\/?fbclid=IwZXh0bgNhZW0CMTAAAR3dYWwQ5z97J9vqcL7BrVRph72o6YddnP6B39y3cKcfYnumyt1tmTOLVPk_aem_AaBN4GwLEtIJf6gKaaAW0WO4b-kBi8tMFPlyTgKZ0rXB2h4jOFYPqs_IiTIOYWmgg1dXVkNlq0ecfXqBOIIkMK39\" target=\"_blank\" rel=\"noreferrer noopener\">https:\/\/www.zapisy.zory.pl\/p12\/<\/a>  od 6 maja od godziny 7:00 do 10 maja do godziny 14:00 lub do wyczerpania miejsc.  <\/p>\n","protected":false},"excerpt":{"rendered":"<p>Informujemy, \u017ce przedszkole b\u0119dzie pe\u0142ni\u0142o dy\u017cur wakacyjny\u00a0wy\u0142\u0105cznie dla wychowank\u00f3w naszego przedszkola w terminie\u00a0od 1 lipca 2024 do 9 sierpnia 2024. Zapisy na dy\u017cur wakacyjny w tym roku odbywa\u0107 si\u0119 b\u0119d\u0105 w spos\u00f3b elektroniczny przez formularz https:\/\/www.zapisy.zory.pl\/p12\/ od 6 maja od godziny 7:00 do 10 maja do godziny 14:00 lub do wyczerpania miejsc.<\/p>\n","protected":false},"author":11,"featured_media":0,"comment_status":"closed","ping_status":"open","sticky":false,"template":"","format":"standard","meta":{"_et_pb_use_builder":"","_et_pb_old_content":"","_et_gb_content_width":"","footnotes":""},"categories":[2,261,262,263,264,265,4,267],"tags":[],"class_list":["post-1085017","post","type-post","status-publish","format-standard","hentry","category-aktualnosci","category-grupa-a-kotki","category-grupa-b-biedronki","category-grupa-c-zabki","category-grupa-d-smerfy","category-grupa-e-motylki","category-grupy_aktualnosci","category-przedszkole-nr-12"],"_links":{"self":[{"href":"https:\/\/zsp5.zory.pl\/index.php?rest_route=\/wp\/v2\/posts\/1085017","targetHints":{"allow":["GET"]}}],"collection":[{"href":"https:\/\/zsp5.zory.pl\/index.php?rest_route=\/wp\/v2\/posts"}],"about":[{"href":"https:\/\/zsp5.zory.pl\/index.php?rest_route=\/wp\/v2\/types\/post"}],"author":[{"embeddable":true,"href":"https:\/\/zsp5.zory.pl\/index.php?rest_route=\/wp\/v2\/users\/11"}],"replies":[{"embeddable":true,"href":"https:\/\/zsp5.zory.pl\/index.php?rest_route=%2Fwp%2Fv2%2Fcomments&post=1085017"}],"version-history":[{"count":4,"href":"https:\/\/zsp5.zory.pl\/index.php?rest_route=\/wp\/v2\/posts\/1085017\/revisions"}],"predecessor-version":[{"id":1085021,"href":"https:\/\/zsp5.zory.pl\/index.php?rest_route=\/wp\/v2\/posts\/1085017\/revisions\/1085021"}],"wp:attachment":[{"href":"https:\/\/zsp5.zory.pl\/index.php?rest_route=%2Fwp%2Fv2%2Fmedia&parent=1085017"}],"wp:term":[{"taxonomy":"category","embeddable":true,"href":"https:\/\/zsp5.zory.pl\/index.php?rest_route=%2Fwp%2Fv2%2Fcategories&post=1085017"},{"taxonomy":"post_tag","embeddable":true,"href":"https:\/\/zsp5.zory.pl\/index.php?rest_route=%2Fwp%2Fv2%2Ftags&post=1085017"}],"curies":[{"name":"wp","href":"https:\/\/api.w.org\/{rel}","templated":true}]}}