{"id":1084983,"date":"2024-03-28T11:11:51","date_gmt":"2024-03-28T10:11:51","guid":{"rendered":"https:\/\/zsp5.zory.pl\/?p=1084983"},"modified":"2024-03-28T11:12:12","modified_gmt":"2024-03-28T10:12:12","slug":"zamierzenia-dydaktyczno-wychowawcze-na-kwiecien-sloneczka","status":"publish","type":"post","link":"https:\/\/zsp5.zory.pl\/?p=1084983","title":{"rendered":"Zamierzenia dydaktyczno-wychowawcze na kwiecie\u0144 &#8211; S\u0142oneczka"},"content":{"rendered":"\n<p>Kwiecie\u0144 grupa A<br>Kr\u0105g tematyczny : Wiosno, ach to ty?<br>Cele:<br>\uf02d wymienianie zwiastun\u00f3w wiosny<br>\uf02d zapoznanie z ptakami przylatuj\u0105cymi wiosn\u0105 do Polski.<br>Kr\u0105g tematyczny: Mamy r\u00f3\u017cne charaktery<br>\uf02d okre\u015blanie swojego nastroju na wachlarzu emocji i uzasadnianie wyboru<br>\uf02d wypowiadanie si\u0119 na dany temat, okre\u015blanie poj\u0119cia warto\u015b\u0107<br>\uf02d reagowanie na dany znak, odr\u00f3\u017cnianie d\u0142ugo\u015bci pask\u00f3w.<br>Kr\u0105g tematyczny: Wiosna na wsi<br>\uf02d rozpoznawanie i nazywanie zwierz\u0105t \u017cyj\u0105cych na wsi<br>\uf02d rozpoznawanie i nazywanie odg\u0142os\u00f3w wody,<br>\uf02d uczestniczenie w zabawach przy muzyce, gra na wybranym instrumencie<br>\uf02d wykonywanie pracy plastycznej \u2013 prawid\u0142owe pos\u0142ugiwanie si\u0119 p\u0119dzlem.<\/p>\n\n\n\n<p>Kr\u0105g tematyczny: Dbamy o przyrod\u0119<br>\uf02d wie, jak post\u0119powa\u0107, aby dba\u0107 o Ziemi\u0119<br>\uf02d wypowiada si\u0119 na temat oszcz\u0119dno\u015bci wody<br>\uf02d uczestniczy w segregacji \u015bmieci.<\/p>\n\n\n\n<p>Wa\u017cne wydarzenia<br>22.04.2024 r. &#8211; Dzie\u0144 ekologa<br>29.04.2024 r. &#8211; Patriotyzm na co dzie\u0144 i od \u015bwi\u0119ta<\/p>\n","protected":false},"excerpt":{"rendered":"<p>Kwiecie\u0144 grupa AKr\u0105g tematyczny : Wiosno, ach to ty?Cele:\uf02d wymienianie zwiastun\u00f3w wiosny\uf02d zapoznanie z ptakami przylatuj\u0105cymi wiosn\u0105 do Polski.Kr\u0105g tematyczny: Mamy r\u00f3\u017cne charaktery\uf02d okre\u015blanie swojego nastroju na wachlarzu emocji i uzasadnianie wyboru\uf02d wypowiadanie si\u0119 na dany temat, okre\u015blanie poj\u0119cia warto\u015b\u0107\uf02d reagowanie na dany znak, odr\u00f3\u017cnianie d\u0142ugo\u015bci pask\u00f3w.Kr\u0105g tematyczny: Wiosna na wsi\uf02d rozpoznawanie i nazywanie zwierz\u0105t [&hellip;]<\/p>\n","protected":false},"author":6,"featured_media":0,"comment_status":"closed","ping_status":"open","sticky":false,"template":"","format":"standard","meta":{"_et_pb_use_builder":"","_et_pb_old_content":"","_et_gb_content_width":"","footnotes":""},"categories":[360,4],"tags":[],"class_list":["post-1084983","post","type-post","status-publish","format-standard","hentry","category-grupa_sloneczka","category-grupy_aktualnosci"],"_links":{"self":[{"href":"https:\/\/zsp5.zory.pl\/index.php?rest_route=\/wp\/v2\/posts\/1084983","targetHints":{"allow":["GET"]}}],"collection":[{"href":"https:\/\/zsp5.zory.pl\/index.php?rest_route=\/wp\/v2\/posts"}],"about":[{"href":"https:\/\/zsp5.zory.pl\/index.php?rest_route=\/wp\/v2\/types\/post"}],"author":[{"embeddable":true,"href":"https:\/\/zsp5.zory.pl\/index.php?rest_route=\/wp\/v2\/users\/6"}],"replies":[{"embeddable":true,"href":"https:\/\/zsp5.zory.pl\/index.php?rest_route=%2Fwp%2Fv2%2Fcomments&post=1084983"}],"version-history":[{"count":1,"href":"https:\/\/zsp5.zory.pl\/index.php?rest_route=\/wp\/v2\/posts\/1084983\/revisions"}],"predecessor-version":[{"id":1084984,"href":"https:\/\/zsp5.zory.pl\/index.php?rest_route=\/wp\/v2\/posts\/1084983\/revisions\/1084984"}],"wp:attachment":[{"href":"https:\/\/zsp5.zory.pl\/index.php?rest_route=%2Fwp%2Fv2%2Fmedia&parent=1084983"}],"wp:term":[{"taxonomy":"category","embeddable":true,"href":"https:\/\/zsp5.zory.pl\/index.php?rest_route=%2Fwp%2Fv2%2Fcategories&post=1084983"},{"taxonomy":"post_tag","embeddable":true,"href":"https:\/\/zsp5.zory.pl\/index.php?rest_route=%2Fwp%2Fv2%2Ftags&post=1084983"}],"curies":[{"name":"wp","href":"https:\/\/api.w.org\/{rel}","templated":true}]}}