{"id":1084938,"date":"2024-03-14T08:24:33","date_gmt":"2024-03-14T07:24:33","guid":{"rendered":"https:\/\/zsp5.zory.pl\/?p=1084938"},"modified":"2024-03-14T08:24:33","modified_gmt":"2024-03-14T07:24:33","slug":"nabor-do-przedszkoli-na-rok-szkolny-2024-2025-3","status":"publish","type":"post","link":"https:\/\/zsp5.zory.pl\/?p=1084938","title":{"rendered":"Nab\u00f3r do Przedszkoli na rok szkolny 2024\/2025"},"content":{"rendered":"\n<p>Nab\u00f3r dzieci na wolne miejsca w \u017corskich przedszkolach odbywa\u0107 si\u0119 b\u0119dzie w formie elektronicznej w dniach od&nbsp;<br><strong>18 marca&nbsp;(od godz. 8:00) do&nbsp;29 marca 2024r.&nbsp;( do godz.15:00).<\/strong><\/p>\n\n\n\n<p>Rodzice kandydat\u00f3w pobieraj\u0105 wniosek ze strony:&nbsp;<strong><a href=\"https:\/\/naborp-kandydat.vulcan.net.pl\/zory\" target=\"_blank\" rel=\"noreferrer noopener\">naborp-kandydat.vulcan.net.pl\/zory<\/a><\/strong><\/p>\n\n\n\n<p>Publikacja listy kandydat\u00f3w zakwalifikowanych w dniu&nbsp;<strong>17 kwietnia 2024 r.&nbsp;godz. 8:00<\/strong>.<br>Publikacja listy kandydat\u00f3w przyj\u0119tych w dniu&nbsp;<strong>30 kwietnia 2024 r.&nbsp;godz. 8:00.<\/strong><\/p>\n\n\n\n<p><strong>WA\u017bNE:<\/strong>&nbsp;Nie ma znaczenia kolejno\u015b\u0107 zg\u0142osze\u0144. Istotne jest natomiast terminowe i prawid\u0142owe wype\u0142nienie wniosku na stronie internetowej oraz dostarczenie go w wersji papierowej do przedszkola pierwszego wyboru wraz z potrzebnymi za\u0142\u0105cznikami.<br>Potwierdzenie woli ucz\u0119szczania dziecka do przedszkola przez rodzica nale\u017cy dokona\u0107 w terminie&nbsp;<strong>od&nbsp;17 kwietnia (godz. 8 00 ) do 26 kwietnia 2024 r.<\/strong>&nbsp;poprzez wype\u0142nienie stosownej deklaracji.<\/p>\n\n\n\n<p><strong>Uwaga!<\/strong><br><strong>Wype\u0142nienie wniosku na stronie internetowej bez jego wydrukowania, podpisania<br>i dostarczenia do przedszkola pierwszego wyboru nie jest zg\u0142oszeniem \u2013 takie dziecko<br>nie bierze udzia\u0142u w procesie rekrutacji.<\/strong><\/p>\n\n\n\n<p>Szczeg\u00f3\u0142owe informacje znajdziecie Pa\u0144stwo pod linkiem:<\/p>\n\n\n\n<p><a href=\"https:\/\/www.zory.pl\/dla-mieszkancow\/aktualnosci\/aktualnosc\/zasady-rekrutacji-do-samorzadowych-przedszkoli-na-rok-szkolny-2024-2025-dla-ktorych-organem-prowadzacym-jest-miasto-zory?fbclid=IwAR1vyY0MPkg4lZm_G2wm9KaZKbYrIVRdGdK-Wvp5GJF1oYTtYqBVjAyt6yg\">https:\/\/www.zory.pl\/dla-mieszkancow\/aktualnosci\/aktualnosc\/zasady-rekrutacji-do-samorzadowych-przedszkoli-na-rok-szkolny-2024-2025-dla-ktorych-organem-prowadzacym-jest-miasto-zory?fbclid=IwAR1vyY0MPkg4lZm_G2wm9KaZKbYrIVRdGdK-Wvp5GJF1oYTtYqBVjAyt6yg<\/a><\/p>\n","protected":false},"excerpt":{"rendered":"<p>Nab\u00f3r dzieci na wolne miejsca w \u017corskich przedszkolach odbywa\u0107 si\u0119 b\u0119dzie w formie elektronicznej w dniach od&nbsp;18 marca&nbsp;(od godz. 8:00) do&nbsp;29 marca 2024r.&nbsp;( do godz.15:00). Rodzice kandydat\u00f3w pobieraj\u0105 wniosek ze strony:&nbsp;naborp-kandydat.vulcan.net.pl\/zory Publikacja listy kandydat\u00f3w zakwalifikowanych w dniu&nbsp;17 kwietnia 2024 r.&nbsp;godz. 8:00.Publikacja listy kandydat\u00f3w przyj\u0119tych w dniu&nbsp;30 kwietnia 2024 r.&nbsp;godz. 8:00. WA\u017bNE:&nbsp;Nie ma znaczenia kolejno\u015b\u0107 zg\u0142osze\u0144. [&hellip;]<\/p>\n","protected":false},"author":6,"featured_media":0,"comment_status":"closed","ping_status":"open","sticky":false,"template":"","format":"standard","meta":{"_et_pb_use_builder":"","_et_pb_old_content":"","_et_gb_content_width":"","footnotes":""},"categories":[2],"tags":[],"class_list":["post-1084938","post","type-post","status-publish","format-standard","hentry","category-aktualnosci"],"_links":{"self":[{"href":"https:\/\/zsp5.zory.pl\/index.php?rest_route=\/wp\/v2\/posts\/1084938","targetHints":{"allow":["GET"]}}],"collection":[{"href":"https:\/\/zsp5.zory.pl\/index.php?rest_route=\/wp\/v2\/posts"}],"about":[{"href":"https:\/\/zsp5.zory.pl\/index.php?rest_route=\/wp\/v2\/types\/post"}],"author":[{"embeddable":true,"href":"https:\/\/zsp5.zory.pl\/index.php?rest_route=\/wp\/v2\/users\/6"}],"replies":[{"embeddable":true,"href":"https:\/\/zsp5.zory.pl\/index.php?rest_route=%2Fwp%2Fv2%2Fcomments&post=1084938"}],"version-history":[{"count":1,"href":"https:\/\/zsp5.zory.pl\/index.php?rest_route=\/wp\/v2\/posts\/1084938\/revisions"}],"predecessor-version":[{"id":1084939,"href":"https:\/\/zsp5.zory.pl\/index.php?rest_route=\/wp\/v2\/posts\/1084938\/revisions\/1084939"}],"wp:attachment":[{"href":"https:\/\/zsp5.zory.pl\/index.php?rest_route=%2Fwp%2Fv2%2Fmedia&parent=1084938"}],"wp:term":[{"taxonomy":"category","embeddable":true,"href":"https:\/\/zsp5.zory.pl\/index.php?rest_route=%2Fwp%2Fv2%2Fcategories&post=1084938"},{"taxonomy":"post_tag","embeddable":true,"href":"https:\/\/zsp5.zory.pl\/index.php?rest_route=%2Fwp%2Fv2%2Ftags&post=1084938"}],"curies":[{"name":"wp","href":"https:\/\/api.w.org\/{rel}","templated":true}]}}