{"id":1084929,"date":"2024-03-11T18:41:19","date_gmt":"2024-03-11T17:41:19","guid":{"rendered":"https:\/\/zsp5.zory.pl\/?p=1084929"},"modified":"2024-03-11T18:41:19","modified_gmt":"2024-03-11T17:41:19","slug":"dzien-swietego-patryka-zaproszenie","status":"publish","type":"post","link":"https:\/\/zsp5.zory.pl\/?p=1084929","title":{"rendered":"Dzie\u0144 \u015awi\u0119tego Patryka- ZAPROSZENIE"},"content":{"rendered":"\n<figure class=\"wp-block-video\"><video height=\"1080\" style=\"aspect-ratio: 1920 \/ 1080;\" width=\"1920\" controls src=\"https:\/\/zsp5.zory.pl\/wp-content\/uploads\/2024\/03\/interesting-facts.mp4\"><\/video><\/figure>\n\n\n\n<p class=\"has-text-align-center\">Zaproszenie z okazji Dnia \u015awi\u0119tego Patryka<\/p>\n","protected":false},"excerpt":{"rendered":"<p>Zaproszenie z okazji Dnia \u015awi\u0119tego Patryka<\/p>\n","protected":false},"author":13,"featured_media":0,"comment_status":"closed","ping_status":"open","sticky":false,"template":"","format":"standard","meta":{"_et_pb_use_builder":"","_et_pb_old_content":"","_et_gb_content_width":"","footnotes":""},"categories":[186],"tags":[234,308,228,147,319],"class_list":["post-1084929","post","type-post","status-publish","format-standard","hentry","category-samorzad-uczniowski","tag-integracja","tag-projekt-uslyszec-innych","tag-su","tag-sukces","tag-swieto-swietego-patryka"],"_links":{"self":[{"href":"https:\/\/zsp5.zory.pl\/index.php?rest_route=\/wp\/v2\/posts\/1084929","targetHints":{"allow":["GET"]}}],"collection":[{"href":"https:\/\/zsp5.zory.pl\/index.php?rest_route=\/wp\/v2\/posts"}],"about":[{"href":"https:\/\/zsp5.zory.pl\/index.php?rest_route=\/wp\/v2\/types\/post"}],"author":[{"embeddable":true,"href":"https:\/\/zsp5.zory.pl\/index.php?rest_route=\/wp\/v2\/users\/13"}],"replies":[{"embeddable":true,"href":"https:\/\/zsp5.zory.pl\/index.php?rest_route=%2Fwp%2Fv2%2Fcomments&post=1084929"}],"version-history":[{"count":1,"href":"https:\/\/zsp5.zory.pl\/index.php?rest_route=\/wp\/v2\/posts\/1084929\/revisions"}],"predecessor-version":[{"id":1084931,"href":"https:\/\/zsp5.zory.pl\/index.php?rest_route=\/wp\/v2\/posts\/1084929\/revisions\/1084931"}],"wp:attachment":[{"href":"https:\/\/zsp5.zory.pl\/index.php?rest_route=%2Fwp%2Fv2%2Fmedia&parent=1084929"}],"wp:term":[{"taxonomy":"category","embeddable":true,"href":"https:\/\/zsp5.zory.pl\/index.php?rest_route=%2Fwp%2Fv2%2Fcategories&post=1084929"},{"taxonomy":"post_tag","embeddable":true,"href":"https:\/\/zsp5.zory.pl\/index.php?rest_route=%2Fwp%2Fv2%2Ftags&post=1084929"}],"curies":[{"name":"wp","href":"https:\/\/api.w.org\/{rel}","templated":true}]}}