{"id":1084886,"date":"2024-02-14T18:59:00","date_gmt":"2024-02-14T17:59:00","guid":{"rendered":"https:\/\/zsp5.zory.pl\/?p=1084886"},"modified":"2024-02-28T10:25:27","modified_gmt":"2024-02-28T09:25:27","slug":"walentynki-w-bibliotece","status":"publish","type":"post","link":"https:\/\/zsp5.zory.pl\/?p=1084886","title":{"rendered":"Walentynki w bibliotece"},"content":{"rendered":"\n<p>14 lutego uczniowie, nauczyciele i pracownicy szko\u0142y byli zach\u0119cani, by na wyci\u0119tych sercach doko\u0144czyli zdanie \u201eKocham bibliotek\u0119, bo\u2026\u201d i przyczepiali je w wyznaczonym miejscu. Akcja ta wspaniale uzmys\u0142awia\u0142a uczestnikom, jak wa\u017cna jest dla nich biblioteka, ale by\u0142a te\u017c swego rodzaju ankiet\u0105 na temat pracy biblioteki i tego, co wa\u017cne dla jej u\u017cytkownik\u00f3w.<\/p>\n\n\n\n<figure class=\"wp-block-image aligncenter size-large is-resized\"><img loading=\"lazy\" decoding=\"async\" width=\"1024\" height=\"859\" src=\"http:\/\/zsp5.zory.pl\/wp-content\/uploads\/2024\/02\/Waletynki-w-bibliotece-1024x859.jpg\" alt=\"\" class=\"wp-image-1084887\" style=\"width:489px;height:auto\" srcset=\"http:\/\/zsp5.zory.pl\/wp-content\/uploads\/2024\/02\/Waletynki-w-bibliotece-980x822.jpg 980w, http:\/\/zsp5.zory.pl\/wp-content\/uploads\/2024\/02\/Waletynki-w-bibliotece-480x403.jpg 480w\" sizes=\"(min-width: 0px) and (max-width: 480px) 480px, (min-width: 481px) and (max-width: 980px) 980px, (min-width: 981px) 1024px, 100vw\" \/><figcaption class=\"wp-element-caption\">&#8222;Kocham bibliotek\u0119 bo&#8230;&#8221; &#8211; przyklejone serca z doko\u0144czonym zdaniem. <br>Akcja w ramach Walentynek w bibliotece.<\/figcaption><\/figure>\n","protected":false},"excerpt":{"rendered":"<p>14 lutego uczniowie, nauczyciele i pracownicy szko\u0142y byli zach\u0119cani, by na wyci\u0119tych sercach doko\u0144czyli zdanie \u201eKocham bibliotek\u0119, bo\u2026\u201d i przyczepiali je w wyznaczonym miejscu. Akcja ta wspaniale uzmys\u0142awia\u0142a uczestnikom, jak wa\u017cna jest dla nich biblioteka, ale by\u0142a te\u017c swego rodzaju ankiet\u0105 na temat pracy biblioteki i tego, co wa\u017cne dla jej u\u017cytkownik\u00f3w.<\/p>\n","protected":false},"author":11,"featured_media":0,"comment_status":"closed","ping_status":"open","sticky":false,"template":"","format":"standard","meta":{"_et_pb_use_builder":"","_et_pb_old_content":"","_et_gb_content_width":"","footnotes":""},"categories":[217],"tags":[461,425],"class_list":["post-1084886","post","type-post","status-publish","format-standard","hentry","category-biblioteka_blog","tag-kocham-biblioteke","tag-walentynki"],"_links":{"self":[{"href":"https:\/\/zsp5.zory.pl\/index.php?rest_route=\/wp\/v2\/posts\/1084886","targetHints":{"allow":["GET"]}}],"collection":[{"href":"https:\/\/zsp5.zory.pl\/index.php?rest_route=\/wp\/v2\/posts"}],"about":[{"href":"https:\/\/zsp5.zory.pl\/index.php?rest_route=\/wp\/v2\/types\/post"}],"author":[{"embeddable":true,"href":"https:\/\/zsp5.zory.pl\/index.php?rest_route=\/wp\/v2\/users\/11"}],"replies":[{"embeddable":true,"href":"https:\/\/zsp5.zory.pl\/index.php?rest_route=%2Fwp%2Fv2%2Fcomments&post=1084886"}],"version-history":[{"count":4,"href":"https:\/\/zsp5.zory.pl\/index.php?rest_route=\/wp\/v2\/posts\/1084886\/revisions"}],"predecessor-version":[{"id":1084891,"href":"https:\/\/zsp5.zory.pl\/index.php?rest_route=\/wp\/v2\/posts\/1084886\/revisions\/1084891"}],"wp:attachment":[{"href":"https:\/\/zsp5.zory.pl\/index.php?rest_route=%2Fwp%2Fv2%2Fmedia&parent=1084886"}],"wp:term":[{"taxonomy":"category","embeddable":true,"href":"https:\/\/zsp5.zory.pl\/index.php?rest_route=%2Fwp%2Fv2%2Fcategories&post=1084886"},{"taxonomy":"post_tag","embeddable":true,"href":"https:\/\/zsp5.zory.pl\/index.php?rest_route=%2Fwp%2Fv2%2Ftags&post=1084886"}],"curies":[{"name":"wp","href":"https:\/\/api.w.org\/{rel}","templated":true}]}}