{"id":1084869,"date":"2024-02-26T19:42:20","date_gmt":"2024-02-26T18:42:20","guid":{"rendered":"https:\/\/zsp5.zory.pl\/?p=1084869"},"modified":"2024-02-26T19:43:59","modified_gmt":"2024-02-26T18:43:59","slug":"razem-razniej-jeden-za-wszystkich-wszyscy-za-jednego","status":"publish","type":"post","link":"https:\/\/zsp5.zory.pl\/?p=1084869","title":{"rendered":"\u201eRazem ra\u017aniej- jeden za wszystkich, wszyscy za jednego\u201d"},"content":{"rendered":"\n<p>Uczniowie klasy 1a i 1b s\u0105 niezwyk\u0142ymi uczestnikami innowacji pedagogicznej \u201eRazem ra\u017aniej- jeden za wszystkich, wszyscy za jednego\u201d, kt\u00f3r\u0105 prowadz\u0105 wychowawczynie pani Barbara Owczarek i pani Monika Micho\u0144. Dzieci w czasie zaj\u0119\u0107 nie tylko ucz\u0105 si\u0119 kreatywnego rozwi\u0105zywania problem\u00f3w, ale tak\u017ce rozwijaj\u0105 w niesamowity spos\u00f3b kompetencje spo\u0142eczne. Ich energia, pomys\u0142owo\u015b\u0107, inspiruj\u0105ce dzia\u0142ania powoduj\u0105, \u017ce wszyscy ch\u0119tnie obserwujemy i wspieramy ich ciekawo\u015b\u0107 \u015bwiata i dajemy przestrze\u0144 do jego eksploracji. <a href=\"https:\/\/www.facebook.com\/hashtag\/dziecimaj%C4%85talent?__eep__=6&amp;__cft__[0]=AZW9n59EQ3j61Ac119GUaIK8aGvA_Bbnjv7ls2EhWPclR2VSwMMdIlLzz210EYDAiCuGg4QDZevi6asEzg23VM--zYr1dv_Gs0utdIOcXo8acqE-5M4velAVcqVxc3GXx5Nw2VrK7aKw8sGEhrvCb8E2XGjiur0DM95t5RitrIobWOkDpgBbU8Lmelhx7R8hSIE&amp;__tn__=*NK-R\">#DzieciMaj\u0105Talent<\/a>#InnowacjaPedagogiczna#Kreatywno\u015b\u0107<\/p>\n","protected":false},"excerpt":{"rendered":"<p>Uczniowie klasy 1a i 1b s\u0105 niezwyk\u0142ymi uczestnikami innowacji pedagogicznej \u201eRazem ra\u017aniej- jeden za wszystkich, wszyscy za jednego\u201d, kt\u00f3r\u0105 prowadz\u0105 wychowawczynie pani Barbara Owczarek i pani Monika Micho\u0144. Dzieci w czasie zaj\u0119\u0107 nie tylko ucz\u0105 si\u0119 kreatywnego rozwi\u0105zywania problem\u00f3w, ale tak\u017ce rozwijaj\u0105 w niesamowity spos\u00f3b kompetencje spo\u0142eczne. Ich energia, pomys\u0142owo\u015b\u0107, inspiruj\u0105ce dzia\u0142ania powoduj\u0105, \u017ce wszyscy [&hellip;]<\/p>\n","protected":false},"author":11,"featured_media":0,"comment_status":"closed","ping_status":"open","sticky":false,"template":"","format":"standard","meta":{"_et_pb_use_builder":"","_et_pb_old_content":"","_et_gb_content_width":"","footnotes":""},"categories":[2],"tags":[459,242,460],"class_list":["post-1084869","post","type-post","status-publish","format-standard","hentry","category-aktualnosci","tag-dzieci-maja-talent","tag-innowacja","tag-kreatywnosc"],"_links":{"self":[{"href":"https:\/\/zsp5.zory.pl\/index.php?rest_route=\/wp\/v2\/posts\/1084869","targetHints":{"allow":["GET"]}}],"collection":[{"href":"https:\/\/zsp5.zory.pl\/index.php?rest_route=\/wp\/v2\/posts"}],"about":[{"href":"https:\/\/zsp5.zory.pl\/index.php?rest_route=\/wp\/v2\/types\/post"}],"author":[{"embeddable":true,"href":"https:\/\/zsp5.zory.pl\/index.php?rest_route=\/wp\/v2\/users\/11"}],"replies":[{"embeddable":true,"href":"https:\/\/zsp5.zory.pl\/index.php?rest_route=%2Fwp%2Fv2%2Fcomments&post=1084869"}],"version-history":[{"count":2,"href":"https:\/\/zsp5.zory.pl\/index.php?rest_route=\/wp\/v2\/posts\/1084869\/revisions"}],"predecessor-version":[{"id":1084871,"href":"https:\/\/zsp5.zory.pl\/index.php?rest_route=\/wp\/v2\/posts\/1084869\/revisions\/1084871"}],"wp:attachment":[{"href":"https:\/\/zsp5.zory.pl\/index.php?rest_route=%2Fwp%2Fv2%2Fmedia&parent=1084869"}],"wp:term":[{"taxonomy":"category","embeddable":true,"href":"https:\/\/zsp5.zory.pl\/index.php?rest_route=%2Fwp%2Fv2%2Fcategories&post=1084869"},{"taxonomy":"post_tag","embeddable":true,"href":"https:\/\/zsp5.zory.pl\/index.php?rest_route=%2Fwp%2Fv2%2Ftags&post=1084869"}],"curies":[{"name":"wp","href":"https:\/\/api.w.org\/{rel}","templated":true}]}}