{"id":1084804,"date":"2024-02-24T12:03:39","date_gmt":"2024-02-24T11:03:39","guid":{"rendered":"https:\/\/zsp5.zory.pl\/?p=1084804"},"modified":"2024-02-27T21:07:33","modified_gmt":"2024-02-27T20:07:33","slug":"po-prostu-razem-simply-together","status":"publish","type":"post","link":"https:\/\/zsp5.zory.pl\/?p=1084804","title":{"rendered":"Po prostu RAZEM! Simply TOGETHER!"},"content":{"rendered":"\n<p>Dzia\u0142ania odbywaj\u0105 si\u0119 w ramach projektu IOM finansowanego\u00a0przez\u00a0Stany Zjednoczone Ameryki P\u00f3\u0142nocnej.<\/p>\n\n\n\n<figure class=\"wp-block-image size-full\"><img loading=\"lazy\" decoding=\"async\" width=\"25411\" height=\"7928\" src=\"https:\/\/zsp5.zory.pl\/wp-content\/uploads\/2024\/02\/IOM_PRM_PL3.png\" alt=\"\" class=\"wp-image-1084878\"\/><\/figure>\n\n\n\n<p class=\"has-medium-font-size\">Opis dzia\u0142a\u0144<\/p>\n\n\n\n<blockquote class=\"wp-block-quote is-layout-flow wp-block-quote-is-layout-flow\">\n<p class=\"has-black-color has-text-color has-link-color wp-elements-1c23158f0662ffe584b89efff525a226\">Zidentyfikowane potrzeby w spo\u0142eczno\u015bci wielokulturowej pod k\u0105tem integracji spo\u0142ecznej Zesp\u00f3\u0142 Szkolno &#8211; Przedszkolny w Baranowicach jest szko\u0142\u0105 licz\u0105c\u0105 257 uczni\u00f3w. Budynek mie\u015bci si\u0119 w dzielnicy \u017bor &#8211; Baranowicach. W ubieg\u0142ym roku szkolnym do\u0142\u0105czy\u0142o do grona uczni\u00f3w 25 wychowank\u00f3w z Ukrainy. Obecnie pozosta\u0142o 19 uczni\u00f3w wielokulturowych. Po przeprowadzonych dzia\u0142aniach cz\u0119\u015b\u0107 uczni\u00f3w odnalaz\u0142a si\u0119 w nowej rzeczywisto\u015bci, jednak we wrze\u015bniu do\u0142\u0105czy\u0142y nowe osoby, kt\u00f3re s\u0105 zagubione i maj\u0105 problem z integracj\u0105 z grup\u0105 r\u00f3wie\u015bnicz\u0105. Chcemy to zmieni\u0107, aby Baranowice sta\u0142y si\u0119 ma\u0142\u0105 ojczyzn\u0105 i ostoj\u0105 r\u00f3wnie\u017c dla migrant\u00f3w. Potrzeby ludno\u015bci dotycz\u0105ce integracji zbadali\u015bmy w dw\u00f3ch p\u0142aszczyznach. Po pierwsze podczas cz\u0119stych rozm\u00f3w z naszymi uczniami, dotycz\u0105cymi ich obaw w zwi\u0105zku z zaistnia\u0142\u0105 sytuacj\u0105 na \u015bwiecie. Po drugie za pomoc\u0105 ankiety do rodzic\u00f3w, w kt\u00f3rej pytali\u015bmy ich o to, w jaki spos\u00f3b chcieliby pom\u00f3c w adaptacji nowych uczni\u00f3w oraz o ich propozycje dzia\u0142a\u0144. Wi\u0119kszo\u015b\u0107 respondent\u00f3w opowiedzia\u0142a si\u0119 za formami warsztatowymi oraz nieszablonowymi formami poznawania \u015brodowisk wielokulturowych.<\/p>\n<cite>Opis dzia\u0142a\u0144 projektu: Po prostu RAZEM! Simply TOGETHER!<\/cite><\/blockquote>\n\n\n\n<p class=\"has-medium-font-size\"><strong>Cel i opis proponowanych dzia\u0142a\u0144<\/strong><br>W ramach planowanego zadania przeprowadzimy cykliczne warsztaty dla zespo\u0142\u00f3w klasowych, w kt\u00f3rych znajduje si\u0119 grupa docelowa. <\/p>\n\n\n\n<p>Zaplanowane zosta\u0142y nast\u0119puj\u0105ce formy dzia\u0142a\u0144: <\/p>\n\n\n\n<ul class=\"wp-block-list\">\n<li style=\"font-style:normal;font-weight:500\">warsztaty soft trening \u2013 interpersonalne, warsztaty cukiernicze dla uczni\u00f3w i rodzic\u00f3w\/dziadk\u00f3w, <\/li>\n\n\n\n<li style=\"font-style:normal;font-weight:500\">gra miejska, <\/li>\n\n\n\n<li style=\"font-style:normal;font-weight:500\">nagranie podcastu i teledysku, <\/li>\n\n\n\n<li style=\"font-style:normal;font-weight:500\">kawiarenka, z kt\u00f3rej doch\u00f3d zostanie przeznaczony na <a href=\"https:\/\/gdyliczysieczas.com\/\">Fundacj\u0119 &#8222;Gdy Liczy si\u0119 Czas&#8221;.<\/a><\/li>\n<\/ul>\n\n\n\n<p class=\"has-black-color has-text-color has-link-color wp-elements-7241aa6150e7e3d4d315fbdcf70e7f3c\">Warsztaty cukiernicze, prowadzone przez mistrzyni\u0119 \u015bwiata w dekorowaniu tort\u00f3w, b\u0119d\u0105 przeznaczone dla uczni\u00f3w, rodzic\u00f3w lub dziadk\u00f3w. Stworzone s\u0142odko\u015bci sprzedamy, organizuj\u0105c kawiarenk\u0119, a osi\u0105gni\u0119ty doch\u00f3d wp\u0142acimy ju\u017c trzeci raz na <a href=\"https:\/\/gdyliczysieczas.com\/\">&#8222;Fundacj\u0119 Gdy Liczy si\u0119 Czas&#8221;,<\/a> kt\u00f3ra wspiera dzieci chore onkologicznie. <\/p>\n\n\n\n<p class=\"has-black-color has-text-color has-link-color wp-elements-557c20855f7f40c3e9b5e72f19a5056c\">W ramach warsztat\u00f3w interpersonalnych, na kt\u00f3re przeznaczymy 12 godzin, uczniowie w formie praktycznej naucz\u0105 si\u0119 wzmacnia\u0107 poczucie swojej warto\u015bci. Spotkania te, zako\u0144cz\u0105 si\u0119 ogniskiem, wzmacniaj\u0105cym wi\u0119zi zespo\u0142u klasowego. <\/p>\n\n\n\n<p class=\"has-black-color has-text-color has-link-color wp-elements-6243b3b0f4de9ca215d48c44121b7c48\">Aby zaznajomi\u0107 uczni\u00f3w z histori\u0105 Polski i Ukrainy, przeprowadzimy gr\u0119 miejsk\u0105, podczas kt\u00f3rej uczniowie pomog\u0105 g\u0142\u00f3wnym bohaterom, Kasi i Dimie odkry\u0107 tajemnice historii Polski i Ukrainy oraz zintegrowa\u0107 si\u0119, rozwi\u0105zuj\u0105c r\u00f3\u017cne zagadki i zadania.<\/p>\n\n\n\n<p class=\"has-black-color has-text-color has-link-color wp-elements-bbb307e29e61023df25009b166f83177\">Nagramy r\u00f3wnie\u017c podcast, podczas kt\u00f3rego przeprowadzimy rozmowy z absolwentami naszej szko\u0142y oraz emerytowanymi pracownikami. Nagranie b\u0119dzie zamieszczone w serwisach spo\u0142eczno\u015bciowych. <\/p>\n\n\n\n<p class=\"has-black-color has-text-color has-link-color wp-elements-a19baa5b733c066c85497f2df7b35d27\">Zorganizujemy r\u00f3wnie\u017c spotkania, podczas kt\u00f3rych stworzymy piosenk\u0119 i nagramy do niej teledysk, kt\u00f3ry zamie\u015bcimy w social mediach.\u00a0Zwie\u0144czeniem dzia\u0142a\u0144 b\u0119dzie wycieczka do kina.<\/p>\n\n\n\n<figure class=\"wp-block-image size-full\"><img loading=\"lazy\" decoding=\"async\" width=\"25411\" height=\"7928\" src=\"http:\/\/zsp5.zory.pl\/wp-content\/uploads\/2024\/02\/IOM_PRM_PL3.png\" alt=\"\" class=\"wp-image-1084878\"\/><\/figure>\n\n\n\n<div class=\"wp-block-columns is-layout-flex wp-container-core-columns-is-layout-9d6595d7 wp-block-columns-is-layout-flex\">\n<div class=\"wp-block-column is-layout-flow wp-block-column-is-layout-flow\"><\/div>\n<\/div>\n","protected":false},"excerpt":{"rendered":"<p>Dzia\u0142ania odbywaj\u0105 si\u0119 w ramach projektu IOM finansowanego\u00a0przez\u00a0Stany Zjednoczone Ameryki P\u00f3\u0142nocnej. Opis dzia\u0142a\u0144 Zidentyfikowane potrzeby w spo\u0142eczno\u015bci wielokulturowej pod k\u0105tem integracji spo\u0142ecznej Zesp\u00f3\u0142 Szkolno &#8211; Przedszkolny w Baranowicach jest szko\u0142\u0105 licz\u0105c\u0105 257 uczni\u00f3w. Budynek mie\u015bci si\u0119 w dzielnicy \u017bor &#8211; Baranowicach. W ubieg\u0142ym roku szkolnym do\u0142\u0105czy\u0142o do grona uczni\u00f3w 25 wychowank\u00f3w z Ukrainy. Obecnie pozosta\u0142o [&hellip;]<\/p>\n","protected":false},"author":2,"featured_media":1084806,"comment_status":"closed","ping_status":"open","sticky":false,"template":"","format":"standard","meta":{"_et_pb_use_builder":"","_et_pb_old_content":"","_et_gb_content_width":"","footnotes":""},"categories":[1,429],"tags":[330,458],"class_list":["post-1084804","post","type-post","status-publish","format-standard","has-post-thumbnail","hentry","category-bez-kategorii","category-granty1_opis-dzialan-planowanych","tag-grant","tag-po-prostu-razem-simply-together"],"_links":{"self":[{"href":"https:\/\/zsp5.zory.pl\/index.php?rest_route=\/wp\/v2\/posts\/1084804","targetHints":{"allow":["GET"]}}],"collection":[{"href":"https:\/\/zsp5.zory.pl\/index.php?rest_route=\/wp\/v2\/posts"}],"about":[{"href":"https:\/\/zsp5.zory.pl\/index.php?rest_route=\/wp\/v2\/types\/post"}],"author":[{"embeddable":true,"href":"https:\/\/zsp5.zory.pl\/index.php?rest_route=\/wp\/v2\/users\/2"}],"replies":[{"embeddable":true,"href":"https:\/\/zsp5.zory.pl\/index.php?rest_route=%2Fwp%2Fv2%2Fcomments&post=1084804"}],"version-history":[{"count":25,"href":"https:\/\/zsp5.zory.pl\/index.php?rest_route=\/wp\/v2\/posts\/1084804\/revisions"}],"predecessor-version":[{"id":1084883,"href":"https:\/\/zsp5.zory.pl\/index.php?rest_route=\/wp\/v2\/posts\/1084804\/revisions\/1084883"}],"wp:featuredmedia":[{"embeddable":true,"href":"https:\/\/zsp5.zory.pl\/index.php?rest_route=\/wp\/v2\/media\/1084806"}],"wp:attachment":[{"href":"https:\/\/zsp5.zory.pl\/index.php?rest_route=%2Fwp%2Fv2%2Fmedia&parent=1084804"}],"wp:term":[{"taxonomy":"category","embeddable":true,"href":"https:\/\/zsp5.zory.pl\/index.php?rest_route=%2Fwp%2Fv2%2Fcategories&post=1084804"},{"taxonomy":"post_tag","embeddable":true,"href":"https:\/\/zsp5.zory.pl\/index.php?rest_route=%2Fwp%2Fv2%2Ftags&post=1084804"}],"curies":[{"name":"wp","href":"https:\/\/api.w.org\/{rel}","templated":true}]}}