{"id":1084742,"date":"2024-01-27T18:43:00","date_gmt":"2024-01-27T17:43:00","guid":{"rendered":"https:\/\/zsp5.zory.pl\/?p=1084742"},"modified":"2024-02-09T18:45:14","modified_gmt":"2024-02-09T17:45:14","slug":"karnawal-z-babcia-i-dziadkiem","status":"publish","type":"post","link":"https:\/\/zsp5.zory.pl\/?p=1084742","title":{"rendered":"&#8222;Karnawa\u0142 z Babci\u0105 i Dziadkiem&#8221;"},"content":{"rendered":"\n<p>26.01.2024 r. grupa Biedronek go\u015bci\u0142a Babcie i Dziadk\u00f3w. Przedszkolaki zaprezentowa\u0142y program artystyczny zatytu\u0142owany &#8222;Karnawa\u0142 z Babci\u0105 i Dziadkiem&#8221;. W ten szczeg\u00f3lny spos\u00f3b dzieci podzi\u0119kowa\u0142y swoim najbli\u017cszym za mi\u0142o\u015b\u0107, cierpliwo\u015b\u0107 i wsp\u00f3lnie sp\u0119dzone chwile. Dzi\u0119kujemy wszystkim Babciom i Dziadkom, kt\u00f3rzy w minionym tygodniu zaszczycili nas swoj\u0105 obecno\u015bci\u0105 w przedszkolu.<\/p>\n","protected":false},"excerpt":{"rendered":"<p>26.01.2024 r. grupa Biedronek go\u015bci\u0142a Babcie i Dziadk\u00f3w. Przedszkolaki zaprezentowa\u0142y program artystyczny zatytu\u0142owany &#8222;Karnawa\u0142 z Babci\u0105 i Dziadkiem&#8221;. W ten szczeg\u00f3lny spos\u00f3b dzieci podzi\u0119kowa\u0142y swoim najbli\u017cszym za mi\u0142o\u015b\u0107, cierpliwo\u015b\u0107 i wsp\u00f3lnie sp\u0119dzone chwile. Dzi\u0119kujemy wszystkim Babciom i Dziadkom, kt\u00f3rzy w minionym tygodniu zaszczycili nas swoj\u0105 obecno\u015bci\u0105 w przedszkolu.<\/p>\n","protected":false},"author":11,"featured_media":0,"comment_status":"closed","ping_status":"open","sticky":false,"template":"","format":"standard","meta":{"_et_pb_use_builder":"","_et_pb_old_content":"","_et_gb_content_width":"","footnotes":""},"categories":[262,4],"tags":[],"class_list":["post-1084742","post","type-post","status-publish","format-standard","hentry","category-grupa-b-biedronki","category-grupy_aktualnosci"],"_links":{"self":[{"href":"https:\/\/zsp5.zory.pl\/index.php?rest_route=\/wp\/v2\/posts\/1084742","targetHints":{"allow":["GET"]}}],"collection":[{"href":"https:\/\/zsp5.zory.pl\/index.php?rest_route=\/wp\/v2\/posts"}],"about":[{"href":"https:\/\/zsp5.zory.pl\/index.php?rest_route=\/wp\/v2\/types\/post"}],"author":[{"embeddable":true,"href":"https:\/\/zsp5.zory.pl\/index.php?rest_route=\/wp\/v2\/users\/11"}],"replies":[{"embeddable":true,"href":"https:\/\/zsp5.zory.pl\/index.php?rest_route=%2Fwp%2Fv2%2Fcomments&post=1084742"}],"version-history":[{"count":1,"href":"https:\/\/zsp5.zory.pl\/index.php?rest_route=\/wp\/v2\/posts\/1084742\/revisions"}],"predecessor-version":[{"id":1084743,"href":"https:\/\/zsp5.zory.pl\/index.php?rest_route=\/wp\/v2\/posts\/1084742\/revisions\/1084743"}],"wp:attachment":[{"href":"https:\/\/zsp5.zory.pl\/index.php?rest_route=%2Fwp%2Fv2%2Fmedia&parent=1084742"}],"wp:term":[{"taxonomy":"category","embeddable":true,"href":"https:\/\/zsp5.zory.pl\/index.php?rest_route=%2Fwp%2Fv2%2Fcategories&post=1084742"},{"taxonomy":"post_tag","embeddable":true,"href":"https:\/\/zsp5.zory.pl\/index.php?rest_route=%2Fwp%2Fv2%2Ftags&post=1084742"}],"curies":[{"name":"wp","href":"https:\/\/api.w.org\/{rel}","templated":true}]}}