{"id":1084735,"date":"2024-02-08T14:10:05","date_gmt":"2024-02-08T13:10:05","guid":{"rendered":"https:\/\/zsp5.zory.pl\/?p=1084735"},"modified":"2025-02-03T12:46:08","modified_gmt":"2025-02-03T11:46:08","slug":"nabor-do-przedszkoli-na-rok-szkolny-2024-2025","status":"publish","type":"post","link":"https:\/\/zsp5.zory.pl\/?p=1084735","title":{"rendered":"Nab\u00f3r do Przedszkoli na rok szkolny 2024\/2025"},"content":{"rendered":"\r\n<p><strong>Kontynuacja edukacji przedszkolnej<\/strong>\u00a0w dotychczasowym przedszkolu odbywa si\u0119 na podstawie deklaracji Rodzic\u00f3w o zamiarze dalszego ucz\u0119szczania dziecka do danego przedszkola, z\u0142o\u017conej w terminie\u00a0<strong>od 29.02.2024 r. godz. 8:00 \u00a0do 08.03.2024 r. godz. 15:00<\/strong><\/p>\r\n\r\n\r\n\r\n<p>Nab\u00f3r dzieci na wolne miejsca w \u017corskich przedszkolach odbywa\u0107 si\u0119 b\u0119dzie w formie elektronicznej w dniach od\u00a0<br \/><strong>18 marca\u00a0(od godz. 8:00) do\u00a029 marca 2024r.\u00a0( do godz.15:00).<\/strong><br \/><br \/>Rodzice kandydat\u00f3w pobieraj\u0105 wniosek ze strony:\u00a0<strong>www.zory.przedszkola.vnabor.pl<\/strong><br \/><br \/>Publikacja listy kandydat\u00f3w zakwalifikowanych w dniu\u00a0<strong>17 kwietnia 2024 r.\u00a0godz. 8:00<\/strong>.<br \/>Publikacja listy kandydat\u00f3w przyj\u0119tych w dniu\u00a0<strong>30 kwietnia 2024 r.\u00a0godz. 8:00.<\/strong><br \/><br \/><strong>WA\u017bNE:<\/strong>\u00a0Nie ma znaczenia kolejno\u015b\u0107 zg\u0142osze\u0144. Istotne jest natomiast terminowe i prawid\u0142owe wype\u0142nienie wniosku na stronie internetowej oraz dostarczenie go w wersji papierowej do przedszkola pierwszego wyboru wraz z potrzebnymi za\u0142\u0105cznikami.<br \/>Potwierdzenie woli ucz\u0119szczania dziecka do przedszkola przez rodzica nale\u017cy dokona\u0107 w terminie\u00a0<strong>od\u00a017 kwietnia (godz. 8 00 ) do 26 kwietnia 2024 r.<\/strong>\u00a0poprzez wype\u0142nienie stosownej deklaracji.<\/p>\r\n\r\n\r\n\r\n<p><strong>PIERWSZE\u0143STWO PRZYJ\u0118CIA DO PRZEDSZKOLA NA ROK SZKOLNY 2024\/2025 MAJ\u0104 DZIECI KONTYNUUJ\u0104CE EDUKACJ\u0118 PRZEDSZKOLN\u0104 W NASZEJ PLAC\u00d3WCE.<\/strong><\/p>\r\n","protected":false},"excerpt":{"rendered":"<p>Kontynuacja edukacji przedszkolnej\u00a0w dotychczasowym przedszkolu odbywa si\u0119 na podstawie deklaracji Rodzic\u00f3w o zamiarze dalszego ucz\u0119szczania dziecka do danego przedszkola, z\u0142o\u017conej w terminie\u00a0od 29.02.2024 r. godz. 8:00 \u00a0do 08.03.2024 r. godz. 15:00 Nab\u00f3r dzieci na wolne miejsca w \u017corskich przedszkolach odbywa\u0107 si\u0119 b\u0119dzie w formie elektronicznej w dniach od\u00a018 marca\u00a0(od godz. 8:00) do\u00a029 marca 2024r.\u00a0( do [&hellip;]<\/p>\n","protected":false},"author":6,"featured_media":0,"comment_status":"closed","ping_status":"open","sticky":false,"template":"","format":"gallery","meta":{"_et_pb_use_builder":"","_et_pb_old_content":"","_et_gb_content_width":"","footnotes":""},"categories":[2,4,267],"tags":[],"class_list":["post-1084735","post","type-post","status-publish","format-gallery","hentry","category-aktualnosci","category-grupy_aktualnosci","category-przedszkole-nr-12","post_format-post-format-gallery"],"_links":{"self":[{"href":"https:\/\/zsp5.zory.pl\/index.php?rest_route=\/wp\/v2\/posts\/1084735","targetHints":{"allow":["GET"]}}],"collection":[{"href":"https:\/\/zsp5.zory.pl\/index.php?rest_route=\/wp\/v2\/posts"}],"about":[{"href":"https:\/\/zsp5.zory.pl\/index.php?rest_route=\/wp\/v2\/types\/post"}],"author":[{"embeddable":true,"href":"https:\/\/zsp5.zory.pl\/index.php?rest_route=\/wp\/v2\/users\/6"}],"replies":[{"embeddable":true,"href":"https:\/\/zsp5.zory.pl\/index.php?rest_route=%2Fwp%2Fv2%2Fcomments&post=1084735"}],"version-history":[{"count":5,"href":"https:\/\/zsp5.zory.pl\/index.php?rest_route=\/wp\/v2\/posts\/1084735\/revisions"}],"predecessor-version":[{"id":1086016,"href":"https:\/\/zsp5.zory.pl\/index.php?rest_route=\/wp\/v2\/posts\/1084735\/revisions\/1086016"}],"wp:attachment":[{"href":"https:\/\/zsp5.zory.pl\/index.php?rest_route=%2Fwp%2Fv2%2Fmedia&parent=1084735"}],"wp:term":[{"taxonomy":"category","embeddable":true,"href":"https:\/\/zsp5.zory.pl\/index.php?rest_route=%2Fwp%2Fv2%2Fcategories&post=1084735"},{"taxonomy":"post_tag","embeddable":true,"href":"https:\/\/zsp5.zory.pl\/index.php?rest_route=%2Fwp%2Fv2%2Ftags&post=1084735"}],"curies":[{"name":"wp","href":"https:\/\/api.w.org\/{rel}","templated":true}]}}