{"id":1084733,"date":"2024-02-08T14:00:29","date_gmt":"2024-02-08T13:00:29","guid":{"rendered":"https:\/\/zsp5.zory.pl\/?p=1084733"},"modified":"2024-02-23T11:08:28","modified_gmt":"2024-02-23T10:08:28","slug":"nabor-do-klasy-i-szkoly-podstawowej-nr-5-w-zorach-2","status":"publish","type":"post","link":"https:\/\/zsp5.zory.pl\/?p=1084733","title":{"rendered":"Nab\u00f3r do klasy I Szko\u0142y Podstawowej nr 5 w \u017borach"},"content":{"rendered":"\n<p class=\"has-text-align-left\">Dyrekcja Szko\u0142y Podstawowej nr 5 w \u017borach og\u0142asza nab\u00f3r do klasy I.<br>Do klasy pierwszej przyjmowane s\u0105:<br>\u2013 dzieci 7- letnie (urodzone w roku 2017) \u2013 obj\u0119te obowi\u0105zkiem szkolnym;<br>\u2013 dzieci 6-letnie (urodzone w roku 2018) \u2013 zgodnie z wol\u0105 rodzic\u00f3w (je\u017celi dziecko korzysta\u0142o z wychowania przedszkolnego <br>w poprzednim roku szkolnym albo posiada opini\u0119 poradni psychologiczno-pedagogicznej o mo\u017cliwo\u015bci rozpocz\u0119cia nauki <br>w szkole podstawowej).<br>Nab\u00f3r odbywa\u0107 si\u0119 b\u0119dzie w dniach od <strong>1 marca<\/strong>\u00a0do\u00a0<strong>19 kwietnia 2024r.<\/strong><br>Publikacja listy kandydat\u00f3w zakwalifikowanych i niezakwalifikowanych w dniu\u00a0<strong>25 kwietnia 2024 r.<\/strong><br>Potwierdzenie przez rodzica woli przyj\u0119cia w postaci pisemnego o\u015bwiadczenia w dniach od <strong>25 kwietnia<\/strong> do <strong>26 kwietnia 2024r.<\/strong><br>Publikacja listy kandydat\u00f3w przyj\u0119tych w dniu\u00a0<strong>6 maja 2024 r.<\/strong><\/p>\n\n\n\n<div class=\"wp-block-file\"><a id=\"wp-block-file--media-077fd959-070f-46a7-8957-0a3bf29fba45\" href=\"https:\/\/zsp5.zory.pl\/wp-content\/uploads\/2024\/02\/zalacznik-nr-1-Zgloszenie-do-szkoly-obwodowej-SP-2024-2025.doc\">zalacznik-nr-1-Zgloszenie-do-szkoly-obwodowej-SP-2024-2025<\/a><a href=\"https:\/\/zsp5.zory.pl\/wp-content\/uploads\/2024\/02\/zalacznik-nr-1-Zgloszenie-do-szkoly-obwodowej-SP-2024-2025.doc\" class=\"wp-block-file__button wp-element-button\" download aria-describedby=\"wp-block-file--media-077fd959-070f-46a7-8957-0a3bf29fba45\">Pobierz<\/a><\/div>\n","protected":false},"excerpt":{"rendered":"<p>Dyrekcja Szko\u0142y Podstawowej nr 5 w \u017borach og\u0142asza nab\u00f3r do klasy I.Do klasy pierwszej przyjmowane s\u0105:\u2013 dzieci 7- letnie (urodzone w roku 2017) \u2013 obj\u0119te obowi\u0105zkiem szkolnym;\u2013 dzieci 6-letnie (urodzone w roku 2018) \u2013 zgodnie z wol\u0105 rodzic\u00f3w (je\u017celi dziecko korzysta\u0142o z wychowania przedszkolnego w poprzednim roku szkolnym albo posiada opini\u0119 poradni psychologiczno-pedagogicznej o mo\u017cliwo\u015bci [&hellip;]<\/p>\n","protected":false},"author":6,"featured_media":0,"comment_status":"closed","ping_status":"open","sticky":false,"template":"","format":"standard","meta":{"_et_pb_use_builder":"","_et_pb_old_content":"","_et_gb_content_width":"","footnotes":""},"categories":[2,264,265,39,267],"tags":[],"class_list":["post-1084733","post","type-post","status-publish","format-standard","hentry","category-aktualnosci","category-grupa-d-smerfy","category-grupa-e-motylki","category-komunikat-specjalny","category-przedszkole-nr-12"],"_links":{"self":[{"href":"https:\/\/zsp5.zory.pl\/index.php?rest_route=\/wp\/v2\/posts\/1084733","targetHints":{"allow":["GET"]}}],"collection":[{"href":"https:\/\/zsp5.zory.pl\/index.php?rest_route=\/wp\/v2\/posts"}],"about":[{"href":"https:\/\/zsp5.zory.pl\/index.php?rest_route=\/wp\/v2\/types\/post"}],"author":[{"embeddable":true,"href":"https:\/\/zsp5.zory.pl\/index.php?rest_route=\/wp\/v2\/users\/6"}],"replies":[{"embeddable":true,"href":"https:\/\/zsp5.zory.pl\/index.php?rest_route=%2Fwp%2Fv2%2Fcomments&post=1084733"}],"version-history":[{"count":4,"href":"https:\/\/zsp5.zory.pl\/index.php?rest_route=\/wp\/v2\/posts\/1084733\/revisions"}],"predecessor-version":[{"id":1084773,"href":"https:\/\/zsp5.zory.pl\/index.php?rest_route=\/wp\/v2\/posts\/1084733\/revisions\/1084773"}],"wp:attachment":[{"href":"https:\/\/zsp5.zory.pl\/index.php?rest_route=%2Fwp%2Fv2%2Fmedia&parent=1084733"}],"wp:term":[{"taxonomy":"category","embeddable":true,"href":"https:\/\/zsp5.zory.pl\/index.php?rest_route=%2Fwp%2Fv2%2Fcategories&post=1084733"},{"taxonomy":"post_tag","embeddable":true,"href":"https:\/\/zsp5.zory.pl\/index.php?rest_route=%2Fwp%2Fv2%2Ftags&post=1084733"}],"curies":[{"name":"wp","href":"https:\/\/api.w.org\/{rel}","templated":true}]}}