{"id":1084711,"date":"2024-01-26T11:30:00","date_gmt":"2024-01-26T10:30:00","guid":{"rendered":"https:\/\/zsp5.zory.pl\/?p=1084711"},"modified":"2024-01-26T12:09:55","modified_gmt":"2024-01-26T11:09:55","slug":"be-smile","status":"publish","type":"post","link":"https:\/\/zsp5.zory.pl\/?p=1084711","title":{"rendered":"&#8222;Be smile&#8221;"},"content":{"rendered":"\n<p>W Zespole Szkolno &#8211; Przedszkolnym nr 5 w \u017borach odby\u0142y si\u0119 warsztaty psychologiczne w ramach projektu &#8222;Be smile&#8221;. Inicjatywa uczennicy z I LO w \u017borach ma pomaga\u0107 w walce z depresj\u0105, fobi\u0105 spo\u0142eczn\u0105 i aspo\u0142eczno\u015bci\u0105. W warsztatach udzia\u0142 wzi\u0119\u0142y klasy 5, 6 i 7.<\/p>\n\n\n\n<p>Warsztaty sk\u0142ada\u0142y si\u0119 z trzech cz\u0119\u015bci. Pierwsz\u0105 z nich by\u0142a prezentacja, w kt\u00f3rej zosta\u0142y zamieszczone informacje m.in. o rodzajach i objawach depresji, wskaz\u00f3wki jak mo\u017cna wspiera\u0107 osob\u0119 chor\u0105 czy np. dane statystyczne, <a><\/a>ile os\u00f3b choruje na t\u0119 chorob\u0119. Kolejnymi cz\u0119\u015bciami by\u0142y film o depresji oraz gra interaktywna podsumowuj\u0105ca warsztaty.<\/p>\n\n\n\n<p>Pod koniec uczniowie mieli czas na zadawanie pyta\u0144 zwi\u0105zanych ze zdrowiem psychicznym czy projektem spo\u0142ecznym.<\/p>\n\n\n\n<p>Dla os\u00f3b ch\u0119tnych wesprze\u0107 inicjatywy spo\u0142eczne i projekt, kt\u00f3re inicjuje Hanna Filipiak poni\u017cej link do zbi\u00f3rki:<\/p>\n\n\n\n<p><a href=\"https:\/\/pomagam.pl\/besmile\">https:\/\/pomagam.pl\/besmile<\/a><\/p>\n\n\n\n<p>\u017byczymy du\u017co zdrowia i \u015bwiadomo\u015bci naszym uczniom i ich rodzicom.<\/p>\n\n\n\n<p>Pedagog Wioleta Fry\u015b-Osma\u0142ek<\/p>\n","protected":false},"excerpt":{"rendered":"<p>W Zespole Szkolno &#8211; Przedszkolnym nr 5 w \u017borach odby\u0142y si\u0119 warsztaty psychologiczne w ramach projektu &#8222;Be smile&#8221;. Inicjatywa uczennicy z I LO w \u017borach ma pomaga\u0107 w walce z depresj\u0105, fobi\u0105 spo\u0142eczn\u0105 i aspo\u0142eczno\u015bci\u0105. W warsztatach udzia\u0142 wzi\u0119\u0142y klasy 5, 6 i 7. Warsztaty sk\u0142ada\u0142y si\u0119 z trzech cz\u0119\u015bci. Pierwsz\u0105 z nich by\u0142a prezentacja, [&hellip;]<\/p>\n","protected":false},"author":11,"featured_media":0,"comment_status":"closed","ping_status":"open","sticky":false,"template":"","format":"standard","meta":{"_et_pb_use_builder":"","_et_pb_old_content":"","_et_gb_content_width":"","footnotes":""},"categories":[2],"tags":[419,420,118],"class_list":["post-1084711","post","type-post","status-publish","format-standard","hentry","category-aktualnosci","tag-be-smile","tag-pedagog","tag-projekt"],"_links":{"self":[{"href":"https:\/\/zsp5.zory.pl\/index.php?rest_route=\/wp\/v2\/posts\/1084711","targetHints":{"allow":["GET"]}}],"collection":[{"href":"https:\/\/zsp5.zory.pl\/index.php?rest_route=\/wp\/v2\/posts"}],"about":[{"href":"https:\/\/zsp5.zory.pl\/index.php?rest_route=\/wp\/v2\/types\/post"}],"author":[{"embeddable":true,"href":"https:\/\/zsp5.zory.pl\/index.php?rest_route=\/wp\/v2\/users\/11"}],"replies":[{"embeddable":true,"href":"https:\/\/zsp5.zory.pl\/index.php?rest_route=%2Fwp%2Fv2%2Fcomments&post=1084711"}],"version-history":[{"count":2,"href":"https:\/\/zsp5.zory.pl\/index.php?rest_route=\/wp\/v2\/posts\/1084711\/revisions"}],"predecessor-version":[{"id":1084718,"href":"https:\/\/zsp5.zory.pl\/index.php?rest_route=\/wp\/v2\/posts\/1084711\/revisions\/1084718"}],"wp:attachment":[{"href":"https:\/\/zsp5.zory.pl\/index.php?rest_route=%2Fwp%2Fv2%2Fmedia&parent=1084711"}],"wp:term":[{"taxonomy":"category","embeddable":true,"href":"https:\/\/zsp5.zory.pl\/index.php?rest_route=%2Fwp%2Fv2%2Fcategories&post=1084711"},{"taxonomy":"post_tag","embeddable":true,"href":"https:\/\/zsp5.zory.pl\/index.php?rest_route=%2Fwp%2Fv2%2Ftags&post=1084711"}],"curies":[{"name":"wp","href":"https:\/\/api.w.org\/{rel}","templated":true}]}}