{"id":1084699,"date":"2024-01-02T20:54:22","date_gmt":"2024-01-02T19:54:22","guid":{"rendered":"https:\/\/zsp5.zory.pl\/?p=1084699"},"modified":"2024-01-22T20:55:17","modified_gmt":"2024-01-22T19:55:17","slug":"rozowa-skrzyneczka-i-akcja-jaskolka","status":"publish","type":"post","link":"https:\/\/zsp5.zory.pl\/?p=1084699","title":{"rendered":"R\u00f3\u017cowa skrzyneczka i Akcja Jask\u00f3\u0142ka"},"content":{"rendered":"\n<p>W obronie godno\u015bci i niezale\u017cno\u015bci, a przeciwko dyskryminacji i w naszej szkole pojawi\u0142a si\u0119 R\u00f3\u017cowa skrzyneczka sfinansowana przez Rad\u0119 Rodzic\u00f3w. Zosta\u0142a umieszczona w dziewcz\u0119cej toalecie a dzi\u0119ki Akcji Jask\u00f3\u0142ka artyku\u0142y higieniczne j\u0105 uzupe\u0142ni\u0142y:)<\/p>\n\n\n\n<p>Dzi\u0119kujemy koordynatorce akcji pani @Anna Ujma za wsparcie naszej szkolnej inicjatywy.<\/p>\n","protected":false},"excerpt":{"rendered":"<p>W obronie godno\u015bci i niezale\u017cno\u015bci, a przeciwko dyskryminacji i w naszej szkole pojawi\u0142a si\u0119 R\u00f3\u017cowa skrzyneczka sfinansowana przez Rad\u0119 Rodzic\u00f3w. Zosta\u0142a umieszczona w dziewcz\u0119cej toalecie a dzi\u0119ki Akcji Jask\u00f3\u0142ka artyku\u0142y higieniczne j\u0105 uzupe\u0142ni\u0142y:) Dzi\u0119kujemy koordynatorce akcji pani @Anna Ujma za wsparcie naszej szkolnej inicjatywy.<\/p>\n","protected":false},"author":11,"featured_media":0,"comment_status":"closed","ping_status":"open","sticky":false,"template":"","format":"standard","meta":{"_et_pb_use_builder":"","_et_pb_old_content":"","_et_gb_content_width":"","footnotes":""},"categories":[2],"tags":[406,405],"class_list":["post-1084699","post","type-post","status-publish","format-standard","hentry","category-aktualnosci","tag-anna-ujma","tag-rozowa-skrzyneczka-i-akcja-jaskolka"],"_links":{"self":[{"href":"https:\/\/zsp5.zory.pl\/index.php?rest_route=\/wp\/v2\/posts\/1084699","targetHints":{"allow":["GET"]}}],"collection":[{"href":"https:\/\/zsp5.zory.pl\/index.php?rest_route=\/wp\/v2\/posts"}],"about":[{"href":"https:\/\/zsp5.zory.pl\/index.php?rest_route=\/wp\/v2\/types\/post"}],"author":[{"embeddable":true,"href":"https:\/\/zsp5.zory.pl\/index.php?rest_route=\/wp\/v2\/users\/11"}],"replies":[{"embeddable":true,"href":"https:\/\/zsp5.zory.pl\/index.php?rest_route=%2Fwp%2Fv2%2Fcomments&post=1084699"}],"version-history":[{"count":1,"href":"https:\/\/zsp5.zory.pl\/index.php?rest_route=\/wp\/v2\/posts\/1084699\/revisions"}],"predecessor-version":[{"id":1084700,"href":"https:\/\/zsp5.zory.pl\/index.php?rest_route=\/wp\/v2\/posts\/1084699\/revisions\/1084700"}],"wp:attachment":[{"href":"https:\/\/zsp5.zory.pl\/index.php?rest_route=%2Fwp%2Fv2%2Fmedia&parent=1084699"}],"wp:term":[{"taxonomy":"category","embeddable":true,"href":"https:\/\/zsp5.zory.pl\/index.php?rest_route=%2Fwp%2Fv2%2Fcategories&post=1084699"},{"taxonomy":"post_tag","embeddable":true,"href":"https:\/\/zsp5.zory.pl\/index.php?rest_route=%2Fwp%2Fv2%2Ftags&post=1084699"}],"curies":[{"name":"wp","href":"https:\/\/api.w.org\/{rel}","templated":true}]}}